{"id":320334,"date":"2025-05-02T09:00:51","date_gmt":"2025-05-02T06:00:51","guid":{"rendered":"https:\/\/sana.sy\/tr\/?p=320334"},"modified":"2025-05-02T10:17:33","modified_gmt":"2025-05-02T07:17:33","slug":"enerji-bakani-turk-mevkidasiyla-enerji-alaninda-ortak-isbirligi-ve-teknik-teknolojik-uzmanlik-paylasimi-konularini-gorustu","status":"publish","type":"post","link":"https:\/\/archive.sana.sy\/tr\/?p=320334","title":{"rendered":"Enerji Bakan\u0131, T\u00fcrk Mevkida\u015f\u0131yla Enerji Alan\u0131nda Ortak \u0130\u015fbirli\u011fi Ve Teknik-Teknolojik Uzmanl\u0131k Payla\u015f\u0131m\u0131 Konular\u0131n\u0131 G\u00f6r\u00fc\u015ft\u00fc"},"content":{"rendered":"<p style=\"text-align: justify;\"><strong><span style=\"color: #800000;\">\u0130STANBUL (SANA) &#8211;\u00a0<\/span> <\/strong>Enerji Bakan\u0131 Muhammed El Be\u015fir, bug\u00fcn T\u00fcrkiye Enerji ve Tabii Kaynaklar Bakan\u0131 Alparslan Bayraktar ile \u00e7e\u015fitli enerji alanlar\u0131ndaki ortak i\u015fbirli\u011fi ili\u015fkilerini g\u00f6r\u00fc\u015ft\u00fc.<\/p>\n<p style=\"text-align: justify;\">\u0130stanbul&#8217;da ger\u00e7ekle\u015fen g\u00f6r\u00fc\u015fmede, geleneksel ve yenilenebilir enerji alanlar\u0131nda ortakl\u0131\u011f\u0131n geli\u015ftirilmesi, teknik uzmanl\u0131k payla\u015f\u0131m\u0131 ve enerji altyap\u0131 projelerinde ortak yat\u0131r\u0131m olanaklar\u0131n\u0131n ara\u015ft\u0131r\u0131lmas\u0131 konular\u0131 ele al\u0131nd\u0131.<\/p>\n<p style=\"text-align: justify;\">Taraflar, ortak \u00e7\u0131karlara hizmet etmek, b\u00f6lgesel enerji g\u00fcvenli\u011finin art\u0131r\u0131lmas\u0131na katk\u0131da bulunmak ve ara\u015ft\u0131rma, geli\u015ftirme ve teknoloji transferi alanlar\u0131nda i\u015fbirli\u011fine yeni ufuklar a\u00e7mak amac\u0131yla e\u015fg\u00fcd\u00fcm ve i\u015fbirli\u011finin s\u00fcrd\u00fcr\u00fclmesinin \u00f6nemini vurgulad\u0131lar.<\/p>\n<p style=\"text-align: justify;\">Bu g\u00f6r\u00fc\u015fme, enerji alan\u0131ndaki karar vericileri ve uzmanlar\u0131 bir araya getiren \u00fcst d\u00fczey uluslararas\u0131 bir platform olan \u0130stanbul Do\u011fal Kaynaklar Zirvesi \u00f6ncesinde ger\u00e7ekle\u015fiyor.<\/p>\n<div id='gallery-1' class='gallery galleryid-320334 gallery-columns-3 gallery-size-large'><figure class='gallery-item'>\n\t\t\t<div class='gallery-icon landscape'>\n\t\t\t\t<a href='https:\/\/archive.sana.sy\/tr\/?attachment_id=320336'><img loading=\"lazy\" decoding=\"async\" width=\"618\" height=\"379\" src=\"https:\/\/archive.sana.sy\/tr\/wp-content\/uploads\/2025\/05\/photo_2025-05-01_22-52-33.jpg\" class=\"attachment-large size-large\" alt=\"\" srcset=\"https:\/\/archive.sana.sy\/tr\/wp-content\/uploads\/2025\/05\/photo_2025-05-01_22-52-33.jpg 660w, https:\/\/archive.sana.sy\/tr\/wp-content\/uploads\/2025\/05\/photo_2025-05-01_22-52-33-300x184.jpg 300w\" sizes=\"auto, (max-width: 618px) 100vw, 618px\" \/><\/a>\n\t\t\t<\/div><\/figure><figure class='gallery-item'>\n\t\t\t<div class='gallery-icon landscape'>\n\t\t\t\t<a href='https:\/\/archive.sana.sy\/tr\/?attachment_id=320337'><img loading=\"lazy\" decoding=\"async\" width=\"618\" height=\"416\" src=\"https:\/\/archive.sana.sy\/tr\/wp-content\/uploads\/2025\/05\/photo_2025-05-01_22-52-34.jpg\" class=\"attachment-large size-large\" alt=\"\" srcset=\"https:\/\/archive.sana.sy\/tr\/wp-content\/uploads\/2025\/05\/photo_2025-05-01_22-52-34.jpg 660w, https:\/\/archive.sana.sy\/tr\/wp-content\/uploads\/2025\/05\/photo_2025-05-01_22-52-34-300x202.jpg 300w, https:\/\/archive.sana.sy\/tr\/wp-content\/uploads\/2025\/05\/photo_2025-05-01_22-52-34-110x75.jpg 110w\" sizes=\"auto, (max-width: 618px) 100vw, 618px\" \/><\/a>\n\t\t\t<\/div><\/figure><figure class='gallery-item'>\n\t\t\t<div class='gallery-icon landscape'>\n\t\t\t\t<a href='https:\/\/archive.sana.sy\/tr\/?attachment_id=320338'><img loading=\"lazy\" decoding=\"async\" width=\"618\" height=\"386\" src=\"https:\/\/archive.sana.sy\/tr\/wp-content\/uploads\/2025\/05\/photo_2025-05-01_22-52-34-4.jpg\" class=\"attachment-large size-large\" alt=\"\" srcset=\"https:\/\/archive.sana.sy\/tr\/wp-content\/uploads\/2025\/05\/photo_2025-05-01_22-52-34-4.jpg 660w, https:\/\/archive.sana.sy\/tr\/wp-content\/uploads\/2025\/05\/photo_2025-05-01_22-52-34-4-300x187.jpg 300w\" sizes=\"auto, (max-width: 618px) 100vw, 618px\" \/><\/a>\n\t\t\t<\/div><\/figure>\n\t\t<\/div>\n\n","protected":false},"excerpt":{"rendered":"<p>\u0130STANBUL (SANA) &#8211;\u00a0 Enerji Bakan\u0131 Muhammed El Be\u015fir, bug\u00fcn T\u00fcrkiye Enerji ve Tabii Kaynaklar Bakan\u0131 Alparslan Bayraktar ile \u00e7e\u015fitli enerji alanlar\u0131ndaki ortak i\u015fbirli\u011fi ili\u015fkilerini g\u00f6r\u00fc\u015ft\u00fc. \u0130stanbul&#8217;da ger\u00e7ekle\u015fen g\u00f6r\u00fc\u015fmede, geleneksel ve yenilenebilir enerji alanlar\u0131nda ortakl\u0131\u011f\u0131n geli\u015ftirilmesi, teknik uzmanl\u0131k payla\u015f\u0131m\u0131 ve enerji altyap\u0131 projelerinde ortak yat\u0131r\u0131m olanaklar\u0131n\u0131n ara\u015ft\u0131r\u0131lmas\u0131 konular\u0131 ele al\u0131nd\u0131. Taraflar, ortak \u00e7\u0131karlara hizmet etmek, b\u00f6lgesel &hellip;<\/p>\n","protected":false},"author":44,"featured_media":320335,"comment_status":"closed","ping_status":"closed","sticky":false,"template":"","format":"standard","meta":{"footnotes":""},"categories":[458,589,459,17988,2554,2555],"tags":[43789,43816],"class_list":["post-320334","post","type-post","status-publish","format-standard","has-post-thumbnail","","category-dunya1","category-haber-seridi","category-haberler-arap-uluslararasi-politika","category-son-haberler","category-suriye-ve-dunya","category-suriye-ve-turkiye","tag-enerji-bakani","tag-turk-mevkidasiyla-enerji-alaninda-ortak-isbirligi-ve-teknik-teknolojik-uzmanlik-paylasimi-konularini-gorustu"],"_links":{"self":[{"href":"https:\/\/archive.sana.sy\/tr\/index.php?rest_route=\/wp\/v2\/posts\/320334","targetHints":{"allow":["GET"]}}],"collection":[{"href":"https:\/\/archive.sana.sy\/tr\/index.php?rest_route=\/wp\/v2\/posts"}],"about":[{"href":"https:\/\/archive.sana.sy\/tr\/index.php?rest_route=\/wp\/v2\/types\/post"}],"author":[{"embeddable":true,"href":"https:\/\/archive.sana.sy\/tr\/index.php?rest_route=\/wp\/v2\/users\/44"}],"replies":[{"embeddable":true,"href":"https:\/\/archive.sana.sy\/tr\/index.php?rest_route=%2Fwp%2Fv2%2Fcomments&post=320334"}],"version-history":[{"count":1,"href":"https:\/\/archive.sana.sy\/tr\/index.php?rest_route=\/wp\/v2\/posts\/320334\/revisions"}],"predecessor-version":[{"id":320339,"href":"https:\/\/archive.sana.sy\/tr\/index.php?rest_route=\/wp\/v2\/posts\/320334\/revisions\/320339"}],"wp:featuredmedia":[{"embeddable":true,"href":"https:\/\/archive.sana.sy\/tr\/index.php?rest_route=\/wp\/v2\/media\/320335"}],"wp:attachment":[{"href":"https:\/\/archive.sana.sy\/tr\/index.php?rest_route=%2Fwp%2Fv2%2Fmedia&parent=320334"}],"wp:term":[{"taxonomy":"category","embeddable":true,"href":"https:\/\/archive.sana.sy\/tr\/index.php?rest_route=%2Fwp%2Fv2%2Fcategories&post=320334"},{"taxonomy":"post_tag","embeddable":true,"href":"https:\/\/archive.sana.sy\/tr\/index.php?rest_route=%2Fwp%2Fv2%2Ftags&post=320334"}],"curies":[{"name":"wp","href":"https:\/\/api.w.org\/{rel}","templated":true}]}}