{"id":320340,"date":"2025-05-02T12:04:53","date_gmt":"2025-05-02T09:04:53","guid":{"rendered":"https:\/\/sana.sy\/tr\/?p=320340"},"modified":"2025-05-02T12:04:53","modified_gmt":"2025-05-02T09:04:53","slug":"katar-israilin-suriye-topraklarina-yonelik-tekrarlanan-saldirganlarini-kinadigini-yineledi","status":"publish","type":"post","link":"https:\/\/archive.sana.sy\/tr\/?p=320340","title":{"rendered":"Katar, \u0130srail&#8217;in Suriye Topraklar\u0131na Y\u00f6nelik Tekrarlanan Sald\u0131rganlar\u0131n\u0131 K\u0131nad\u0131\u011f\u0131n\u0131 Yineledi"},"content":{"rendered":"<p style=\"text-align: justify;\"><span style=\"color: #800000;\"><strong>NEW YORK (SANA) &#8211;<\/strong><\/span> Katar Devleti, \u0130srail&#8217;in Suriye topraklar\u0131na y\u00f6nelik tekrarlanan ihlal ve sald\u0131rganlar\u0131n\u0131 k\u0131nad\u0131\u011f\u0131n\u0131 yineleyerek, bunlar\u0131n Suriye&#8217;nin egemenli\u011fine ve birli\u011fine y\u00f6nelik a\u00e7\u0131k bir sald\u0131r\u0131 oldu\u011funu vurgulad\u0131.<\/p>\n<p style=\"text-align: justify;\">Katar Haber Ajans\u0131 (QNA), Katar Devleti&#8217;nin Birle\u015fmi\u015f Milletler Daimi Temsilcisi Aliya Ahmed bin Seyf Al Sani&#8217;nin, d\u00fcn gece Orta Do\u011fu&#8217;daki durumla ilgili G\u00fcvenlik Konseyi&#8217;nde d\u00fczenlenen a\u00e7\u0131k oturum \u00f6n\u00fcnde yapt\u0131\u011f\u0131 a\u00e7\u0131klamada \u015funlar\u0131 s\u00f6yledi\u011fini aktard\u0131: \u201cKatar Devleti, karde\u015f Suriye Arap Cumhuriyeti&#8217;nin \u00e7e\u015fitli b\u00f6lgelerini hedef alan \u0130srail sald\u0131rganl\u0131klar\u0131n\u0131 \u015fiddetle k\u0131n\u0131yor ve bunlar\u0131 Suriye&#8217;nin egemenli\u011fine ve birli\u011fine y\u00f6nelik a\u00e7\u0131k bir sald\u0131r\u0131 ve uluslararas\u0131 hukukun a\u00e7\u0131k bir ihlali olarak de\u011ferlendiriyor.\u201d<\/p>\n<p style=\"text-align: justify;\">A\u00e7\u0131klamada, Katar&#8217;\u0131n uluslararas\u0131 toplumu, \u0130srail&#8217;in uluslararas\u0131 hukuk ve normlara uymas\u0131 ve Suriye topraklar\u0131na y\u00f6nelik tekrarlanan sald\u0131r\u0131lar\u0131n\u0131 durdurmas\u0131 y\u00f6n\u00fcnde acilen harekete ge\u00e7meye \u00e7a\u011f\u0131rd\u0131\u011f\u0131 belirtildi.<\/p>\n","protected":false},"excerpt":{"rendered":"<p>NEW YORK (SANA) &#8211; Katar Devleti, \u0130srail&#8217;in Suriye topraklar\u0131na y\u00f6nelik tekrarlanan ihlal ve sald\u0131rganlar\u0131n\u0131 k\u0131nad\u0131\u011f\u0131n\u0131 yineleyerek, bunlar\u0131n Suriye&#8217;nin egemenli\u011fine ve birli\u011fine y\u00f6nelik a\u00e7\u0131k bir sald\u0131r\u0131 oldu\u011funu vurgulad\u0131. Katar Haber Ajans\u0131 (QNA), Katar Devleti&#8217;nin Birle\u015fmi\u015f Milletler Daimi Temsilcisi Aliya Ahmed bin Seyf Al Sani&#8217;nin, d\u00fcn gece Orta Do\u011fu&#8217;daki durumla ilgili G\u00fcvenlik Konseyi&#8217;nde d\u00fczenlenen a\u00e7\u0131k oturum \u00f6n\u00fcnde &hellip;<\/p>\n","protected":false},"author":44,"featured_media":320341,"comment_status":"closed","ping_status":"closed","sticky":false,"template":"","format":"standard","meta":{"footnotes":""},"categories":[458,589,459,17988],"tags":[43817,3946],"class_list":["post-320340","post","type-post","status-publish","format-standard","has-post-thumbnail","","category-dunya1","category-haber-seridi","category-haberler-arap-uluslararasi-politika","category-son-haberler","tag-israilin-suriye-topraklarina-yonelik-tekrarlanan-saldirganlarini-kinadigini-yineledi","tag-katar"],"_links":{"self":[{"href":"https:\/\/archive.sana.sy\/tr\/index.php?rest_route=\/wp\/v2\/posts\/320340","targetHints":{"allow":["GET"]}}],"collection":[{"href":"https:\/\/archive.sana.sy\/tr\/index.php?rest_route=\/wp\/v2\/posts"}],"about":[{"href":"https:\/\/archive.sana.sy\/tr\/index.php?rest_route=\/wp\/v2\/types\/post"}],"author":[{"embeddable":true,"href":"https:\/\/archive.sana.sy\/tr\/index.php?rest_route=\/wp\/v2\/users\/44"}],"replies":[{"embeddable":true,"href":"https:\/\/archive.sana.sy\/tr\/index.php?rest_route=%2Fwp%2Fv2%2Fcomments&post=320340"}],"version-history":[{"count":1,"href":"https:\/\/archive.sana.sy\/tr\/index.php?rest_route=\/wp\/v2\/posts\/320340\/revisions"}],"predecessor-version":[{"id":320342,"href":"https:\/\/archive.sana.sy\/tr\/index.php?rest_route=\/wp\/v2\/posts\/320340\/revisions\/320342"}],"wp:featuredmedia":[{"embeddable":true,"href":"https:\/\/archive.sana.sy\/tr\/index.php?rest_route=\/wp\/v2\/media\/320341"}],"wp:attachment":[{"href":"https:\/\/archive.sana.sy\/tr\/index.php?rest_route=%2Fwp%2Fv2%2Fmedia&parent=320340"}],"wp:term":[{"taxonomy":"category","embeddable":true,"href":"https:\/\/archive.sana.sy\/tr\/index.php?rest_route=%2Fwp%2Fv2%2Fcategories&post=320340"},{"taxonomy":"post_tag","embeddable":true,"href":"https:\/\/archive.sana.sy\/tr\/index.php?rest_route=%2Fwp%2Fv2%2Ftags&post=320340"}],"curies":[{"name":"wp","href":"https:\/\/api.w.org\/{rel}","templated":true}]}}