{"id":320372,"date":"2025-05-02T15:54:31","date_gmt":"2025-05-02T12:54:31","guid":{"rendered":"https:\/\/sana.sy\/tr\/?p=320372"},"modified":"2025-05-03T13:56:04","modified_gmt":"2025-05-03T10:56:04","slug":"suriye-arap-cumhuriyeti-cumhurbaskanligi-israil-isgal-guclerinin-cumhurbaskanligi-sarayini-bombalamasini-kinadi-bu-tehlikeli-bir-tirmanistir-ve-ulkeyi-istikrarsizlastirma-girisimidir","status":"publish","type":"post","link":"https:\/\/archive.sana.sy\/tr\/?p=320372","title":{"rendered":"Suriye Arap Cumhuriyeti Cumhurba\u015fkanl\u0131\u011f\u0131, \u0130srail \u0130\u015fgal G\u00fc\u00e7lerinin Cumhurba\u015fkanl\u0131\u011f\u0131 Saray\u0131&#8217;n\u0131 Bombalamas\u0131n\u0131 K\u0131nad\u0131: Bu Tehlikeli Bir T\u0131rman\u0131\u015ft\u0131r Ve \u00dclkeyi \u0130stikrars\u0131zla\u015ft\u0131rma Giri\u015fimidir"},"content":{"rendered":"<p style=\"text-align: justify;\"><span style=\"color: #800000;\"><strong>\u015eAM (SANA)<\/strong> &#8211;<\/span> Suriye Arap Cumhuriyeti Cumhurba\u015fkanl\u0131\u011f\u0131, \u0130srail i\u015fgal g\u00fc\u00e7lerinin d\u00fcn Cumhurba\u015fkanl\u0131\u011f\u0131 Saray\u0131&#8217;na d\u00fczenledi\u011fi sald\u0131r\u0131y\u0131 en sert ifadelerle k\u0131nad\u0131.<\/p>\n<p style=\"text-align: justify;\">Yap\u0131lan a\u00e7\u0131klamada, bu sald\u0131r\u0131n\u0131n devlet kurumlar\u0131na ve egemenli\u011fine kar\u015f\u0131 ciddi bir t\u0131rman\u0131\u015f oldu\u011fu vurgulanarak, \u00fclkenin istikrar\u0131n\u0131 bozmay\u0131 ve g\u00fcvenlik krizlerini derinle\u015ftirmeyi ama\u00e7layan pervas\u0131z hamlelerin bir par\u00e7as\u0131 oldu\u011fu ifade edildi.<\/p>\n<p style=\"text-align: justify;\">Cumhurba\u015fkanl\u0131k a\u00e7\u0131klamas\u0131nda, bu sald\u0131r\u0131n\u0131n ulusal g\u00fcvenli\u011fi ve Suriye halk\u0131n\u0131n birli\u011fini hedef ald\u0131\u011f\u0131n\u0131 belirterek, Suriye\u2019nin halk\u0131n\u0131n haklar\u0131n\u0131 savunmaya devam edece\u011fini kaydetti.<\/p>\n<p style=\"text-align: justify;\">Cumhurba\u015fkanl\u0131k taraf\u0131ndan Telegram kanal\u0131nda yay\u0131nlanan a\u00e7\u0131klamada ayr\u0131ca, uluslararas\u0131 toplum ve Arap \u00fclkeleri, bu sald\u0131r\u0131lar kar\u015f\u0131s\u0131nda Suriye\u2019nin yan\u0131nda durmaya \u00e7a\u011fr\u0131ld\u0131 ve \u0130srail&#8217;in sald\u0131rgan politikalar\u0131n\u0131n uluslararas\u0131 yasalar\u0131 ve anla\u015fmalar\u0131 ihlal etti\u011fi vurguland\u0131.<\/p>\n<p style=\"text-align: justify;\">A\u00e7\u0131klamada, Arap \u00fclkelerine, \u0130srail\u2019in sald\u0131rgan tutumuna kar\u015f\u0131 ortak bir duru\u015f sergileyerek Suriye\u2019ye tam destek vermeleri \u00e7a\u011fr\u0131s\u0131nda bulunulurken de, bu t\u00fcr sald\u0131r\u0131lar\u0131n Suriye\u2019nin birli\u011fini hedef ald\u0131\u011f\u0131 belirtildi ve ne i\u00e7 ne de d\u0131\u015f d\u00fc\u015fmanlar\u0131n Suriye halk\u0131n\u0131n iradesini zay\u0131flatamayaca\u011f\u0131 ve devletin istikrar\u0131 sa\u011flama \u00e7abalar\u0131n\u0131 engelleyemeyece\u011fi kaydedildi.<\/p>\n<p style=\"text-align: justify;\">Yetkili g\u00fcvenlik birimlerinin, bu sald\u0131r\u0131larla ilgili gerekli soru\u015fturmalar\u0131 y\u00fcr\u00fctt\u00fc\u011f\u00fc ve sald\u0131r\u0131y\u0131 ger\u00e7ekle\u015ftirenlerin cezaland\u0131r\u0131lmas\u0131 i\u00e7in titizlikle \u00e7al\u0131\u015f\u0131ld\u0131\u011f\u0131 duyurulan a\u00e7\u0131klamada, vatanda\u015flar\u0131n g\u00fcvenli\u011fini tehdit edebilecek t\u00fcm unsurlar\u0131n \u00f6n\u00fcne ge\u00e7mek i\u00e7in devletin kararl\u0131 ad\u0131mlar atmaya devam edece\u011fi vurguland\u0131.<\/p>\n<p style=\"text-align: justify;\">Cumhurba\u015fkanl\u0131k, t\u00fcm taraflar\u0131 ulusal birli\u011fi koruma \u00e7er\u00e7evesinde diyalog ve i\u015fbirli\u011fine ba\u011fl\u0131 kalmaya davet ederek, krizin uzamas\u0131n\u0131 ama\u00e7layan t\u00fcm giri\u015fimlere kar\u015f\u0131 durulmas\u0131 gerekti\u011fini belirtti\u011fi a\u00e7\u0131klamada, Suriye\u2019nin kalk\u0131nma ve reform s\u00fcrecine kararl\u0131l\u0131kla devam edece\u011fi ve kar\u015f\u0131la\u015f\u0131lan zorluklara ra\u011fmen bu s\u00fcrecin durmayaca\u011f\u0131 ifade edildi.<\/p>\n<p style=\"text-align: justify;\">Cumhurba\u015fkanl\u0131k a\u00e7\u0131klamas\u0131n\u0131 \u015fu ifadelerle tamamlad\u0131: &#8220;Suriye, egemenli\u011fi ve g\u00fcvenli\u011fi konusunda taviz vermeyecek ve halk\u0131n\u0131n haklar\u0131n\u0131 korumak i\u00e7in t\u00fcm mevcut imkanlarla m\u00fccadele etmeye devam edecektir.&#8221;<\/p>\n","protected":false},"excerpt":{"rendered":"<p>\u015eAM (SANA) &#8211; Suriye Arap Cumhuriyeti Cumhurba\u015fkanl\u0131\u011f\u0131, \u0130srail i\u015fgal g\u00fc\u00e7lerinin d\u00fcn Cumhurba\u015fkanl\u0131\u011f\u0131 Saray\u0131&#8217;na d\u00fczenledi\u011fi sald\u0131r\u0131y\u0131 en sert ifadelerle k\u0131nad\u0131. Yap\u0131lan a\u00e7\u0131klamada, bu sald\u0131r\u0131n\u0131n devlet kurumlar\u0131na ve egemenli\u011fine kar\u015f\u0131 ciddi bir t\u0131rman\u0131\u015f oldu\u011fu vurgulanarak, \u00fclkenin istikrar\u0131n\u0131 bozmay\u0131 ve g\u00fcvenlik krizlerini derinle\u015ftirmeyi ama\u00e7layan pervas\u0131z hamlelerin bir par\u00e7as\u0131 oldu\u011fu ifade edildi. Cumhurba\u015fkanl\u0131k a\u00e7\u0131klamas\u0131nda, bu sald\u0131r\u0131n\u0131n ulusal g\u00fcvenli\u011fi ve &hellip;<\/p>\n","protected":false},"author":44,"featured_media":320373,"comment_status":"closed","ping_status":"closed","sticky":false,"template":"","format":"standard","meta":{"footnotes":""},"categories":[606,605,17988],"tags":[43825,17447],"class_list":["post-320372","post","type-post","status-publish","format-standard","has-post-thumbnail","","category-cumhurbaskani","category-sayin-cumhurbaskani","category-son-haberler","tag-israil-isgal-guclerinin-cumhurbaskanligi-sarayini-bombalamasini-kinadi-bu-tehlikeli-bir-tirmanistir-ve-ulkeyi-istikrarsizlastirma-girisimidir","tag-suriye-arap-cumhuriyeti-cumhurbaskanligi"],"_links":{"self":[{"href":"https:\/\/archive.sana.sy\/tr\/index.php?rest_route=\/wp\/v2\/posts\/320372","targetHints":{"allow":["GET"]}}],"collection":[{"href":"https:\/\/archive.sana.sy\/tr\/index.php?rest_route=\/wp\/v2\/posts"}],"about":[{"href":"https:\/\/archive.sana.sy\/tr\/index.php?rest_route=\/wp\/v2\/types\/post"}],"author":[{"embeddable":true,"href":"https:\/\/archive.sana.sy\/tr\/index.php?rest_route=\/wp\/v2\/users\/44"}],"replies":[{"embeddable":true,"href":"https:\/\/archive.sana.sy\/tr\/index.php?rest_route=%2Fwp%2Fv2%2Fcomments&post=320372"}],"version-history":[{"count":1,"href":"https:\/\/archive.sana.sy\/tr\/index.php?rest_route=\/wp\/v2\/posts\/320372\/revisions"}],"predecessor-version":[{"id":320374,"href":"https:\/\/archive.sana.sy\/tr\/index.php?rest_route=\/wp\/v2\/posts\/320372\/revisions\/320374"}],"wp:featuredmedia":[{"embeddable":true,"href":"https:\/\/archive.sana.sy\/tr\/index.php?rest_route=\/wp\/v2\/media\/320373"}],"wp:attachment":[{"href":"https:\/\/archive.sana.sy\/tr\/index.php?rest_route=%2Fwp%2Fv2%2Fmedia&parent=320372"}],"wp:term":[{"taxonomy":"category","embeddable":true,"href":"https:\/\/archive.sana.sy\/tr\/index.php?rest_route=%2Fwp%2Fv2%2Fcategories&post=320372"},{"taxonomy":"post_tag","embeddable":true,"href":"https:\/\/archive.sana.sy\/tr\/index.php?rest_route=%2Fwp%2Fv2%2Ftags&post=320372"}],"curies":[{"name":"wp","href":"https:\/\/api.w.org\/{rel}","templated":true}]}}