{"id":320381,"date":"2025-05-02T18:23:51","date_gmt":"2025-05-02T15:23:51","guid":{"rendered":"https:\/\/sana.sy\/tr\/?p=320381"},"modified":"2025-05-04T09:13:42","modified_gmt":"2025-05-04T06:13:42","slug":"cumhurbaskani-sayin-ahmed-el-sara-dr-kemal-garibiyi-kabul-etti","status":"publish","type":"post","link":"https:\/\/archive.sana.sy\/tr\/?p=320381","title":{"rendered":"Cumhurba\u015fkan\u0131 Say\u0131n Ahmed El \u015eara, Dr. Kemal Garibi&#8217;yi Kabul Etti"},"content":{"rendered":"<p style=\"text-align: justify;\"><span style=\"color: #800000;\"><strong>\u015eAM (SANA)<\/strong> &#8211;<\/span> Cumhurba\u015fkan\u0131 Say\u0131n Ahmed El \u015eara ve D\u0131\u015fi\u015fleri Bakan\u0131 Say\u0131n Asaad El \u015eeybani, Halk Saray\u0131&#8217;nda GKSD Yat\u0131r\u0131m Holding Grubu Ba\u015fkan\u0131 ve Bilimsel Ara\u015ft\u0131rma, Yat\u0131r\u0131m ve Sa\u011fl\u0131k Enstit\u00fcs\u00fc&#8217;ne ba\u011fl\u0131 San Donato Hastane Grubu Ba\u015fkan\u0131 Dr. Kemal Garibi&#8217;yi, \u00d6zel Dan\u0131\u015fman\u0131 Dr. Tammam Yusuf e\u015fli\u011finde kabul etti.<\/p>\n<p><img loading=\"lazy\" decoding=\"async\" class=\"aligncenter wp-image-320383 size-full\" src=\"http:\/\/sana.sy\/tr\/wp-content\/uploads\/2025\/05\/22-1.jpg\" alt=\"\" width=\"660\" height=\"370\" srcset=\"https:\/\/archive.sana.sy\/tr\/wp-content\/uploads\/2025\/05\/22-1.jpg 660w, https:\/\/archive.sana.sy\/tr\/wp-content\/uploads\/2025\/05\/22-1-300x168.jpg 300w\" sizes=\"auto, (max-width: 660px) 100vw, 660px\" \/><br \/>\n<img loading=\"lazy\" decoding=\"async\" class=\"aligncenter wp-image-320384 size-full\" src=\"http:\/\/sana.sy\/tr\/wp-content\/uploads\/2025\/05\/222.jpg\" alt=\"\" width=\"660\" height=\"371\" srcset=\"https:\/\/archive.sana.sy\/tr\/wp-content\/uploads\/2025\/05\/222.jpg 660w, https:\/\/archive.sana.sy\/tr\/wp-content\/uploads\/2025\/05\/222-300x169.jpg 300w\" sizes=\"auto, (max-width: 660px) 100vw, 660px\" \/><\/p>\n","protected":false},"excerpt":{"rendered":"<p>\u015eAM (SANA) &#8211; Cumhurba\u015fkan\u0131 Say\u0131n Ahmed El \u015eara ve D\u0131\u015fi\u015fleri Bakan\u0131 Say\u0131n Asaad El \u015eeybani, Halk Saray\u0131&#8217;nda GKSD Yat\u0131r\u0131m Holding Grubu Ba\u015fkan\u0131 ve Bilimsel Ara\u015ft\u0131rma, Yat\u0131r\u0131m ve Sa\u011fl\u0131k Enstit\u00fcs\u00fc&#8217;ne ba\u011fl\u0131 San Donato Hastane Grubu Ba\u015fkan\u0131 Dr. Kemal Garibi&#8217;yi, \u00d6zel Dan\u0131\u015fman\u0131 Dr. Tammam Yusuf e\u015fli\u011finde kabul etti.<\/p>\n","protected":false},"author":41,"featured_media":320382,"comment_status":"closed","ping_status":"closed","sticky":false,"template":"","format":"standard","meta":{"footnotes":""},"categories":[606,605,17988],"tags":[],"class_list":["post-320381","post","type-post","status-publish","format-standard","has-post-thumbnail","","category-cumhurbaskani","category-sayin-cumhurbaskani","category-son-haberler"],"_links":{"self":[{"href":"https:\/\/archive.sana.sy\/tr\/index.php?rest_route=\/wp\/v2\/posts\/320381","targetHints":{"allow":["GET"]}}],"collection":[{"href":"https:\/\/archive.sana.sy\/tr\/index.php?rest_route=\/wp\/v2\/posts"}],"about":[{"href":"https:\/\/archive.sana.sy\/tr\/index.php?rest_route=\/wp\/v2\/types\/post"}],"author":[{"embeddable":true,"href":"https:\/\/archive.sana.sy\/tr\/index.php?rest_route=\/wp\/v2\/users\/41"}],"replies":[{"embeddable":true,"href":"https:\/\/archive.sana.sy\/tr\/index.php?rest_route=%2Fwp%2Fv2%2Fcomments&post=320381"}],"version-history":[{"count":2,"href":"https:\/\/archive.sana.sy\/tr\/index.php?rest_route=\/wp\/v2\/posts\/320381\/revisions"}],"predecessor-version":[{"id":320393,"href":"https:\/\/archive.sana.sy\/tr\/index.php?rest_route=\/wp\/v2\/posts\/320381\/revisions\/320393"}],"wp:featuredmedia":[{"embeddable":true,"href":"https:\/\/archive.sana.sy\/tr\/index.php?rest_route=\/wp\/v2\/media\/320382"}],"wp:attachment":[{"href":"https:\/\/archive.sana.sy\/tr\/index.php?rest_route=%2Fwp%2Fv2%2Fmedia&parent=320381"}],"wp:term":[{"taxonomy":"category","embeddable":true,"href":"https:\/\/archive.sana.sy\/tr\/index.php?rest_route=%2Fwp%2Fv2%2Fcategories&post=320381"},{"taxonomy":"post_tag","embeddable":true,"href":"https:\/\/archive.sana.sy\/tr\/index.php?rest_route=%2Fwp%2Fv2%2Ftags&post=320381"}],"curies":[{"name":"wp","href":"https:\/\/api.w.org\/{rel}","templated":true}]}}