{"id":320394,"date":"2025-05-02T19:18:35","date_gmt":"2025-05-02T16:18:35","guid":{"rendered":"https:\/\/sana.sy\/tr\/?p=320394"},"modified":"2025-05-02T19:18:35","modified_gmt":"2025-05-02T16:18:35","slug":"finansal-bankacilik-ve-ticaret-is-birligini-artirmak-icin-suriye-ve-bae-arasinda-gorusme-gerceklesti","status":"publish","type":"post","link":"https:\/\/archive.sana.sy\/tr\/?p=320394","title":{"rendered":"Finansal, Bankac\u0131l\u0131k Ve Ticaret \u0130\u015f Birli\u011fini Art\u0131rmak \u0130\u00e7in Suriye Ve BAE Aras\u0131nda G\u00f6r\u00fc\u015fme Ger\u00e7ekle\u015fti"},"content":{"rendered":"<p style=\"text-align: justify;\"><span style=\"color: #800000;\"><strong>ABU DHAB\u0130 (SANA) &#8211; <\/strong><\/span>Birle\u015fik Arap Emirlikleri Ba\u015fkan Yard\u0131mc\u0131s\u0131, Ba\u015fbakan Yard\u0131mc\u0131s\u0131 ve Cumhurba\u015fkanl\u0131\u011f\u0131 \u0130\u015fleri Bakan\u0131 Majesteleri \u015eeyh Mansur bin Zayid Al Nahyan, Maliye Bakan\u0131 Muhammed Yaser Berniye ve Suriye Merkez Bankas\u0131 Ba\u015fkan\u0131 Abdulkadir El H\u00fcsriye ile BAE ve Suriye aras\u0131nda finans, bankac\u0131l\u0131k ve ticaret ba\u015fta olmak \u00fczere \u00e7e\u015fitli alanlarda ikili i\u015f birli\u011fini art\u0131rma yollar\u0131n\u0131 g\u00f6r\u00fc\u015ft\u00fc.<br \/>\n<img loading=\"lazy\" decoding=\"async\" class=\" wp-image-320396 alignright\" src=\"http:\/\/sana.sy\/tr\/wp-content\/uploads\/2025\/05\/0.jpg\" alt=\"\" width=\"285\" height=\"190\" \/><\/p>\n<p style=\"text-align: justify;\">Taraflar, bug\u00fcn BAE&#8217;nin ba\u015fkenti Abu Dabi&#8217;deki Al Sani Saray\u0131&#8217;nda d\u00fczenlenen ortak g\u00f6r\u00fc\u015fmede, iki \u00fclkenin ve iki karde\u015f halk\u0131n yarar\u0131na olacak \u015fekilde ortak Suriye-BAE \u00e7\u0131karlar\u0131n\u0131n ger\u00e7ekle\u015ftirilmesine katk\u0131da bulunan mekanizmalar\u0131 ele ald\u0131.<\/p>\n<p>Bakan Berniye, SANA&#8217;ya yapt\u0131\u011f\u0131 a\u00e7\u0131klamada, G\u00f6r\u00fc\u015fmenin iki karde\u015f \u00fclke aras\u0131ndaki ili\u015fkilerin g\u00fc\u00e7lendirilmesi ve daha \u00fcst seviyelere \u00e7\u0131kar\u0131lmas\u0131 a\u00e7\u0131s\u0131ndan \u00f6nemli oldu\u011funu vurgulayarak BAE&#8217;nin Suriye&#8217;de istikrar\u0131, ekonomik ve idari reformlar\u0131 destekleme konusundaki isteklili\u011fine dikkat \u00e7ekti.<\/p>\n<p style=\"text-align: justify;\">\nBakan Berniye ayr\u0131ca, \u00a0g\u00f6r\u00fc\u015fmede finans ve bankac\u0131l\u0131k sekt\u00f6r\u00fcndeki yat\u0131r\u0131m f\u0131rsatlar\u0131, enerji ve altyap\u0131 sekt\u00f6rleri ile vergi sistemi ve yarg\u0131 sisteminin reformuna y\u00f6nelik yard\u0131mlar gibi \u00e7e\u015fitli konular\u0131n masaya yat\u0131r\u0131ld\u0131\u011f\u0131n\u0131 kaydetti.<\/p>\n","protected":false},"excerpt":{"rendered":"<p>ABU DHAB\u0130 (SANA) &#8211; Birle\u015fik Arap Emirlikleri Ba\u015fkan Yard\u0131mc\u0131s\u0131, Ba\u015fbakan Yard\u0131mc\u0131s\u0131 ve Cumhurba\u015fkanl\u0131\u011f\u0131 \u0130\u015fleri Bakan\u0131 Majesteleri \u015eeyh Mansur bin Zayid Al Nahyan, Maliye Bakan\u0131 Muhammed Yaser Berniye ve Suriye Merkez Bankas\u0131 Ba\u015fkan\u0131 Abdulkadir El H\u00fcsriye ile BAE ve Suriye aras\u0131nda finans, bankac\u0131l\u0131k ve ticaret ba\u015fta olmak \u00fczere \u00e7e\u015fitli alanlarda ikili i\u015f birli\u011fini art\u0131rma yollar\u0131n\u0131 g\u00f6r\u00fc\u015ft\u00fc. &hellip;<\/p>\n","protected":false},"author":41,"featured_media":320395,"comment_status":"closed","ping_status":"closed","sticky":false,"template":"","format":"standard","meta":{"footnotes":""},"categories":[485,589,486,17988],"tags":[],"class_list":["post-320394","post","type-post","status-publish","format-standard","has-post-thumbnail","","category-is-ve-sermaye","category-haber-seridi","category-haberler-is-ve-sermaye","category-son-haberler"],"_links":{"self":[{"href":"https:\/\/archive.sana.sy\/tr\/index.php?rest_route=\/wp\/v2\/posts\/320394","targetHints":{"allow":["GET"]}}],"collection":[{"href":"https:\/\/archive.sana.sy\/tr\/index.php?rest_route=\/wp\/v2\/posts"}],"about":[{"href":"https:\/\/archive.sana.sy\/tr\/index.php?rest_route=\/wp\/v2\/types\/post"}],"author":[{"embeddable":true,"href":"https:\/\/archive.sana.sy\/tr\/index.php?rest_route=\/wp\/v2\/users\/41"}],"replies":[{"embeddable":true,"href":"https:\/\/archive.sana.sy\/tr\/index.php?rest_route=%2Fwp%2Fv2%2Fcomments&post=320394"}],"version-history":[{"count":1,"href":"https:\/\/archive.sana.sy\/tr\/index.php?rest_route=\/wp\/v2\/posts\/320394\/revisions"}],"predecessor-version":[{"id":320397,"href":"https:\/\/archive.sana.sy\/tr\/index.php?rest_route=\/wp\/v2\/posts\/320394\/revisions\/320397"}],"wp:featuredmedia":[{"embeddable":true,"href":"https:\/\/archive.sana.sy\/tr\/index.php?rest_route=\/wp\/v2\/media\/320395"}],"wp:attachment":[{"href":"https:\/\/archive.sana.sy\/tr\/index.php?rest_route=%2Fwp%2Fv2%2Fmedia&parent=320394"}],"wp:term":[{"taxonomy":"category","embeddable":true,"href":"https:\/\/archive.sana.sy\/tr\/index.php?rest_route=%2Fwp%2Fv2%2Fcategories&post=320394"},{"taxonomy":"post_tag","embeddable":true,"href":"https:\/\/archive.sana.sy\/tr\/index.php?rest_route=%2Fwp%2Fv2%2Ftags&post=320394"}],"curies":[{"name":"wp","href":"https:\/\/api.w.org\/{rel}","templated":true}]}}