{"id":320398,"date":"2025-05-02T19:23:36","date_gmt":"2025-05-02T16:23:36","guid":{"rendered":"https:\/\/sana.sy\/tr\/?p=320398"},"modified":"2025-05-02T19:23:36","modified_gmt":"2025-05-02T16:23:36","slug":"israil-isgal-guclerinin-suveydanin-guneybatisindaki-kanakere-duzenledigi-saldiri-sonucu-4-vatandas-sehit-oldu","status":"publish","type":"post","link":"https:\/\/archive.sana.sy\/tr\/?p=320398","title":{"rendered":"\u0130srail \u0130\u015fgal G\u00fc\u00e7lerinin S\u00fcveyda&#8217;n\u0131n G\u00fcneybat\u0131s\u0131ndaki Kanaker&#8217;e D\u00fczenledi\u011fi Sald\u0131r\u0131 Sonucu 4 Vatanda\u015f \u015eehit Oldu"},"content":{"rendered":"<p style=\"text-align: justify;\"><span style=\"color: #800000;\"><strong>S\u00dcVEYDA (SANA)-<\/strong><\/span> \u0130srail&#8217;in S\u00fcveyda&#8217;n\u0131n g\u00fcneybat\u0131s\u0131ndaki Kanaker k\u00f6y\u00fcne d\u00fczenledi\u011fi sald\u0131r\u0131da bug\u00fcn d\u00f6rt vatanda\u015f \u015fehit oldu.<\/p>\n<p style=\"text-align: justify;\">S\u00fcveyda Valili\u011fi&#8217;nin Telegram kanal\u0131ndan yap\u0131lan a\u00e7\u0131klamada, i\u015fgalci hava kuvvetlerinin Kanaker&#8217;de d\u00f6rt vatanda\u015f\u0131 hedef ald\u0131\u011f\u0131 ve \u015fehit ettikleri bildirildi.<\/p>\n","protected":false},"excerpt":{"rendered":"<p>S\u00dcVEYDA (SANA)- \u0130srail&#8217;in S\u00fcveyda&#8217;n\u0131n g\u00fcneybat\u0131s\u0131ndaki Kanaker k\u00f6y\u00fcne d\u00fczenledi\u011fi sald\u0131r\u0131da bug\u00fcn d\u00f6rt vatanda\u015f \u015fehit oldu. S\u00fcveyda Valili\u011fi&#8217;nin Telegram kanal\u0131ndan yap\u0131lan a\u00e7\u0131klamada, i\u015fgalci hava kuvvetlerinin Kanaker&#8217;de d\u00f6rt vatanda\u015f\u0131 hedef ald\u0131\u011f\u0131 ve \u015fehit ettikleri bildirildi.<\/p>\n","protected":false},"author":41,"featured_media":320399,"comment_status":"closed","ping_status":"closed","sticky":false,"template":"","format":"standard","meta":{"footnotes":""},"categories":[589,479,17988,478],"tags":[],"class_list":["post-320398","post","type-post","status-publish","format-standard","has-post-thumbnail","","category-haber-seridi","category-haberler-yerel","category-son-haberler","category-yerel"],"_links":{"self":[{"href":"https:\/\/archive.sana.sy\/tr\/index.php?rest_route=\/wp\/v2\/posts\/320398","targetHints":{"allow":["GET"]}}],"collection":[{"href":"https:\/\/archive.sana.sy\/tr\/index.php?rest_route=\/wp\/v2\/posts"}],"about":[{"href":"https:\/\/archive.sana.sy\/tr\/index.php?rest_route=\/wp\/v2\/types\/post"}],"author":[{"embeddable":true,"href":"https:\/\/archive.sana.sy\/tr\/index.php?rest_route=\/wp\/v2\/users\/41"}],"replies":[{"embeddable":true,"href":"https:\/\/archive.sana.sy\/tr\/index.php?rest_route=%2Fwp%2Fv2%2Fcomments&post=320398"}],"version-history":[{"count":1,"href":"https:\/\/archive.sana.sy\/tr\/index.php?rest_route=\/wp\/v2\/posts\/320398\/revisions"}],"predecessor-version":[{"id":320400,"href":"https:\/\/archive.sana.sy\/tr\/index.php?rest_route=\/wp\/v2\/posts\/320398\/revisions\/320400"}],"wp:featuredmedia":[{"embeddable":true,"href":"https:\/\/archive.sana.sy\/tr\/index.php?rest_route=\/wp\/v2\/media\/320399"}],"wp:attachment":[{"href":"https:\/\/archive.sana.sy\/tr\/index.php?rest_route=%2Fwp%2Fv2%2Fmedia&parent=320398"}],"wp:term":[{"taxonomy":"category","embeddable":true,"href":"https:\/\/archive.sana.sy\/tr\/index.php?rest_route=%2Fwp%2Fv2%2Fcategories&post=320398"},{"taxonomy":"post_tag","embeddable":true,"href":"https:\/\/archive.sana.sy\/tr\/index.php?rest_route=%2Fwp%2Fv2%2Ftags&post=320398"}],"curies":[{"name":"wp","href":"https:\/\/api.w.org\/{rel}","templated":true}]}}