{"id":320401,"date":"2025-05-02T19:55:56","date_gmt":"2025-05-02T16:55:56","guid":{"rendered":"https:\/\/sana.sy\/tr\/?p=320401"},"modified":"2025-05-02T19:55:56","modified_gmt":"2025-05-02T16:55:56","slug":"mdb-israilin-samdaki-cumhurbaskanligi-sarayi-yakinlarina-duzenledigi-saldiriyi-kinayarak-suriye-ile-dayanismasini-dile-getirdi","status":"publish","type":"post","link":"https:\/\/archive.sana.sy\/tr\/?p=320401","title":{"rendered":"MDB, \u0130srail&#8217;in \u015eam&#8217;daki Cumhurba\u015fkanl\u0131\u011f\u0131 Saray\u0131 Yak\u0131nlar\u0131na D\u00fczenledi\u011fi Sald\u0131r\u0131y\u0131 K\u0131nayarak Suriye Ile Dayan\u0131\u015fmas\u0131n\u0131 Dile Getirdi"},"content":{"rendered":"<p style=\"text-align: justify;\"><span style=\"color: #800000;\"><strong>MEKKE (SANA) &#8211; <\/strong><\/span>M\u00fcsl\u00fcman D\u00fcnya Birli\u011fi, \u0130srail&#8217;in \u015eam&#8217;daki Cumhurba\u015fkanl\u0131\u011f\u0131 Saray\u0131 yak\u0131nlar\u0131na d\u00fczenledi\u011fi hava sald\u0131r\u0131s\u0131n\u0131 k\u0131nad\u0131.<strong><\/p>\n<p><\/strong>Birlik Genel Sekreterli\u011fi, resmi internet sitesinde yay\u0131nlad\u0131\u011f\u0131 a\u00e7\u0131klamada \u015fu ifadeleri kulland\u0131: &#8221;\u0130srail bu barbarca yakla\u015f\u0131m\u0131yla t\u00fcm uluslararas\u0131 hukuk ve normlar\u0131 ihlal ediyor ve Suriye ve b\u00f6lgedeki g\u00fcvenlik ve istikrar\u0131 zedeliyor.&#8221;<\/p>\n<p>Birlik ayr\u0131ca, Suriye ve halk\u0131yla, g\u00fcvenli\u011fine, istikrar\u0131na, egemenli\u011fine ve toprak b\u00fct\u00fcnl\u00fc\u011f\u00fcne y\u00f6nelik her t\u00fcrl\u00fc tehdit kar\u015f\u0131s\u0131nda tam dayan\u0131\u015fmas\u0131 vurgulad\u0131\u011f\u0131n\u0131 yineledi.<\/p>\n","protected":false},"excerpt":{"rendered":"<p>MEKKE (SANA) &#8211; M\u00fcsl\u00fcman D\u00fcnya Birli\u011fi, \u0130srail&#8217;in \u015eam&#8217;daki Cumhurba\u015fkanl\u0131\u011f\u0131 Saray\u0131 yak\u0131nlar\u0131na d\u00fczenledi\u011fi hava sald\u0131r\u0131s\u0131n\u0131 k\u0131nad\u0131. Birlik Genel Sekreterli\u011fi, resmi internet sitesinde yay\u0131nlad\u0131\u011f\u0131 a\u00e7\u0131klamada \u015fu ifadeleri kulland\u0131: &#8221;\u0130srail bu barbarca yakla\u015f\u0131m\u0131yla t\u00fcm uluslararas\u0131 hukuk ve normlar\u0131 ihlal ediyor ve Suriye ve b\u00f6lgedeki g\u00fcvenlik ve istikrar\u0131 zedeliyor.&#8221; Birlik ayr\u0131ca, Suriye ve halk\u0131yla, g\u00fcvenli\u011fine, istikrar\u0131na, egemenli\u011fine ve toprak &hellip;<\/p>\n","protected":false},"author":41,"featured_media":320402,"comment_status":"closed","ping_status":"closed","sticky":false,"template":"","format":"standard","meta":{"footnotes":""},"categories":[458,589,459,17988],"tags":[],"class_list":["post-320401","post","type-post","status-publish","format-standard","has-post-thumbnail","","category-dunya1","category-haber-seridi","category-haberler-arap-uluslararasi-politika","category-son-haberler"],"_links":{"self":[{"href":"https:\/\/archive.sana.sy\/tr\/index.php?rest_route=\/wp\/v2\/posts\/320401","targetHints":{"allow":["GET"]}}],"collection":[{"href":"https:\/\/archive.sana.sy\/tr\/index.php?rest_route=\/wp\/v2\/posts"}],"about":[{"href":"https:\/\/archive.sana.sy\/tr\/index.php?rest_route=\/wp\/v2\/types\/post"}],"author":[{"embeddable":true,"href":"https:\/\/archive.sana.sy\/tr\/index.php?rest_route=\/wp\/v2\/users\/41"}],"replies":[{"embeddable":true,"href":"https:\/\/archive.sana.sy\/tr\/index.php?rest_route=%2Fwp%2Fv2%2Fcomments&post=320401"}],"version-history":[{"count":1,"href":"https:\/\/archive.sana.sy\/tr\/index.php?rest_route=\/wp\/v2\/posts\/320401\/revisions"}],"predecessor-version":[{"id":320403,"href":"https:\/\/archive.sana.sy\/tr\/index.php?rest_route=\/wp\/v2\/posts\/320401\/revisions\/320403"}],"wp:featuredmedia":[{"embeddable":true,"href":"https:\/\/archive.sana.sy\/tr\/index.php?rest_route=\/wp\/v2\/media\/320402"}],"wp:attachment":[{"href":"https:\/\/archive.sana.sy\/tr\/index.php?rest_route=%2Fwp%2Fv2%2Fmedia&parent=320401"}],"wp:term":[{"taxonomy":"category","embeddable":true,"href":"https:\/\/archive.sana.sy\/tr\/index.php?rest_route=%2Fwp%2Fv2%2Fcategories&post=320401"},{"taxonomy":"post_tag","embeddable":true,"href":"https:\/\/archive.sana.sy\/tr\/index.php?rest_route=%2Fwp%2Fv2%2Ftags&post=320401"}],"curies":[{"name":"wp","href":"https:\/\/api.w.org\/{rel}","templated":true}]}}