{"id":320407,"date":"2025-05-03T08:17:07","date_gmt":"2025-05-03T05:17:07","guid":{"rendered":"https:\/\/sana.sy\/tr\/?p=320407"},"modified":"2025-05-03T09:34:46","modified_gmt":"2025-05-03T06:34:46","slug":"canbolat-cumhurbaskani-el-sara-ile-yaptigi-gorusmede-suriye-devletinin-suriye-halkinin-cesitli-kesimleriyle-iletisim-ve-diyalog-kurma-cabalarini-takdirle-karsiladi","status":"publish","type":"post","link":"https:\/\/archive.sana.sy\/tr\/?p=320407","title":{"rendered":"Canbolat, Cumhurba\u015fkan\u0131 El \u015eara \u0130le Yapt\u0131\u011f\u0131 G\u00f6r\u00fc\u015fmede, Suriye Devletinin Suriye Halk\u0131n\u0131n \u00c7e\u015fitli Kesimleriyle \u0130leti\u015fim Ve Diyalog Kurma \u00c7abalar\u0131n\u0131 Takdirle Kar\u015f\u0131lad\u0131"},"content":{"rendered":"<p style=\"text-align: justify;\"><span style=\"color: #800000;\"><strong>BEYRUT (SANA)<\/strong> \u2013\u00a0<\/span> L\u00fcbnan \u0130leri Sosyalist Partisi, Suriye Devlet Ba\u015fkan\u0131 Ahmed El \u015eara ile eski parti lideri Velid Canbolat aras\u0131nda \u015eam&#8217;daki Halk Saray\u0131&#8217;nda ger\u00e7ekle\u015fen g\u00f6r\u00fc\u015fmeyi samimi ve a\u00e7\u0131k olarak nitelendirerek, g\u00f6r\u00fc\u015fmede b\u00f6lgedeki son geli\u015fmelerin ele al\u0131nd\u0131\u011f\u0131n\u0131 kaydetti.<\/p>\n<p style=\"text-align: justify;\">Parti bug\u00fcn yapt\u0131\u011f\u0131 a\u00e7\u0131klamada \u015funlar\u0131 s\u00f6yledi: &#8221;Canbolat, Arap ve uluslararas\u0131 \u00e7evrelerin yeni Suriye devletine y\u00f6nelik a\u00e7\u0131k tutumundan duydu\u011fu memnuniyeti dile getirerek, bu a\u00e7\u0131kl\u0131\u011f\u0131n Suriye&#8217;nin birli\u011fini ve istikrar\u0131n\u0131 g\u00fc\u00e7lendirmeye katk\u0131 sa\u011flad\u0131\u011f\u0131n\u0131, L\u00fcbnan&#8217;\u0131n istikrar\u0131 \u00fczerinde de olumlu etki yaratt\u0131\u011f\u0131n\u0131 kaydetti.&#8221;<\/p>\n<p style=\"text-align: justify;\">Parti, son iki g\u00fcnde ya\u015fanan talihsiz olaylarla ilgili olarak \u015funlar\u0131 s\u00f6yledi: &#8221;Taraflar, &#8220;can kay\u0131plar\u0131ndan duyduklar\u0131 \u00fcz\u00fcnt\u00fcy\u00fc dile getirdiler ve Suriye devletinin, vatan\u0131n ve vatanda\u015flar\u0131n g\u00fcvenli\u011fini koruma konusunda sorumluluklar\u0131n\u0131 \u00fcstlenmesinin gereklili\u011fini vurgulad\u0131lar.&#8221;<\/p>\n<p style=\"text-align: justify;\">Canbolat&#8217;\u0131n Suriye devletinin Suriye halk\u0131n\u0131n \u00e7e\u015fitli kesimleriyle ileti\u015fim ve diyalog kurma \u00e7abalar\u0131n\u0131 takdir etti\u011fini duyuran Parti, D\u00fcrzi toplumunun devlet kurum ve kurulu\u015flar\u0131ndaki rol\u00fcn\u00fcn \u00f6nemine vurgu yapt\u0131.<\/p>\n<p style=\"text-align: justify;\">G\u00f6r\u00fc\u015fme sonunda ba\u015fkan Canbolat, \u015fehit Kemal Canbolat&#8217;\u0131n suikast\u0131ndan ve di\u011fer su\u00e7lardan sorumlu olan su\u00e7lu \u0130brahim Huveyca&#8217;n\u0131n tutuklanmas\u0131ndan dolay\u0131 Cumhurba\u015fkan\u0131 El \u015eara&#8217;ya te\u015fekk\u00fcr etti.<\/p>\n","protected":false},"excerpt":{"rendered":"<p>BEYRUT (SANA) \u2013\u00a0 L\u00fcbnan \u0130leri Sosyalist Partisi, Suriye Devlet Ba\u015fkan\u0131 Ahmed El \u015eara ile eski parti lideri Velid Canbolat aras\u0131nda \u015eam&#8217;daki Halk Saray\u0131&#8217;nda ger\u00e7ekle\u015fen g\u00f6r\u00fc\u015fmeyi samimi ve a\u00e7\u0131k olarak nitelendirerek, g\u00f6r\u00fc\u015fmede b\u00f6lgedeki son geli\u015fmelerin ele al\u0131nd\u0131\u011f\u0131n\u0131 kaydetti. Parti bug\u00fcn yapt\u0131\u011f\u0131 a\u00e7\u0131klamada \u015funlar\u0131 s\u00f6yledi: &#8221;Canbolat, Arap ve uluslararas\u0131 \u00e7evrelerin yeni Suriye devletine y\u00f6nelik a\u00e7\u0131k tutumundan duydu\u011fu &hellip;<\/p>\n","protected":false},"author":44,"featured_media":320408,"comment_status":"closed","ping_status":"closed","sticky":false,"template":"","format":"standard","meta":{"footnotes":""},"categories":[458,589,459,17988],"tags":[43828,43829,43830],"class_list":["post-320407","post","type-post","status-publish","format-standard","has-post-thumbnail","","category-dunya1","category-haber-seridi","category-haberler-arap-uluslararasi-politika","category-son-haberler","tag-canbolat","tag-cumhurbaskani-el-sara-ile-yaptigi-gorusmede","tag-suriye-devletinin-suriye-halkinin-cesitli-kesimleriyle-iletisim-ve-diyalog-kurma-cabalarini-takdirle-karsiladi"],"_links":{"self":[{"href":"https:\/\/archive.sana.sy\/tr\/index.php?rest_route=\/wp\/v2\/posts\/320407","targetHints":{"allow":["GET"]}}],"collection":[{"href":"https:\/\/archive.sana.sy\/tr\/index.php?rest_route=\/wp\/v2\/posts"}],"about":[{"href":"https:\/\/archive.sana.sy\/tr\/index.php?rest_route=\/wp\/v2\/types\/post"}],"author":[{"embeddable":true,"href":"https:\/\/archive.sana.sy\/tr\/index.php?rest_route=\/wp\/v2\/users\/44"}],"replies":[{"embeddable":true,"href":"https:\/\/archive.sana.sy\/tr\/index.php?rest_route=%2Fwp%2Fv2%2Fcomments&post=320407"}],"version-history":[{"count":1,"href":"https:\/\/archive.sana.sy\/tr\/index.php?rest_route=\/wp\/v2\/posts\/320407\/revisions"}],"predecessor-version":[{"id":320409,"href":"https:\/\/archive.sana.sy\/tr\/index.php?rest_route=\/wp\/v2\/posts\/320407\/revisions\/320409"}],"wp:featuredmedia":[{"embeddable":true,"href":"https:\/\/archive.sana.sy\/tr\/index.php?rest_route=\/wp\/v2\/media\/320408"}],"wp:attachment":[{"href":"https:\/\/archive.sana.sy\/tr\/index.php?rest_route=%2Fwp%2Fv2%2Fmedia&parent=320407"}],"wp:term":[{"taxonomy":"category","embeddable":true,"href":"https:\/\/archive.sana.sy\/tr\/index.php?rest_route=%2Fwp%2Fv2%2Fcategories&post=320407"},{"taxonomy":"post_tag","embeddable":true,"href":"https:\/\/archive.sana.sy\/tr\/index.php?rest_route=%2Fwp%2Fv2%2Ftags&post=320407"}],"curies":[{"name":"wp","href":"https:\/\/api.w.org\/{rel}","templated":true}]}}