{"id":320424,"date":"2025-05-03T07:00:12","date_gmt":"2025-05-03T04:00:12","guid":{"rendered":"https:\/\/sana.sy\/tr\/?p=320424"},"modified":"2025-05-03T09:32:25","modified_gmt":"2025-05-03T06:32:25","slug":"guterres-israilin-samdaki-cumhurbaskanligi-sarayi-yakininda-gerceklestirdigi-hava-saldirisini-kinadi","status":"publish","type":"post","link":"https:\/\/archive.sana.sy\/tr\/?p=320424","title":{"rendered":"Guterres, \u0130srail&#8217;in \u015eam&#8217;daki Cumhurba\u015fkanl\u0131\u011f\u0131 Saray\u0131 Yak\u0131n\u0131nda Ger\u00e7ekle\u015ftirdi\u011fi Hava Sald\u0131r\u0131s\u0131n\u0131 K\u0131nad\u0131"},"content":{"rendered":"<p style=\"text-align: justify;\"><strong><span style=\"color: #800000;\">NEW YORK (SANA) &#8211;<\/span> <\/strong><strong>\u00a0<\/strong>BM Genel Sekreteri Ant\u00f3nio Guterres, \u0130srail&#8217;in \u015eam&#8217;daki Cumhurba\u015fkanl\u0131\u011f\u0131 Saray\u0131 yak\u0131n\u0131na d\u00fczenlenen son hava sald\u0131r\u0131s\u0131n\u0131 k\u0131nad\u0131.<\/p>\n<p style=\"text-align: justify;\">Guterres, \u0130srail&#8217;i sald\u0131r\u0131lar\u0131n\u0131 durdurmaya ve Suriye&#8217;nin egemenli\u011fine, birli\u011fine, b\u00fct\u00fcnl\u00fc\u011f\u00fcne ve ba\u011f\u0131ms\u0131zl\u0131\u011f\u0131na sayg\u0131 g\u00f6stermeye \u00e7a\u011f\u0131rd\u0131.<\/p>\n","protected":false},"excerpt":{"rendered":"<p>NEW YORK (SANA) &#8211; \u00a0BM Genel Sekreteri Ant\u00f3nio Guterres, \u0130srail&#8217;in \u015eam&#8217;daki Cumhurba\u015fkanl\u0131\u011f\u0131 Saray\u0131 yak\u0131n\u0131na d\u00fczenlenen son hava sald\u0131r\u0131s\u0131n\u0131 k\u0131nad\u0131. Guterres, \u0130srail&#8217;i sald\u0131r\u0131lar\u0131n\u0131 durdurmaya ve Suriye&#8217;nin egemenli\u011fine, birli\u011fine, b\u00fct\u00fcnl\u00fc\u011f\u00fcne ve ba\u011f\u0131ms\u0131zl\u0131\u011f\u0131na sayg\u0131 g\u00f6stermeye \u00e7a\u011f\u0131rd\u0131.<\/p>\n","protected":false},"author":44,"featured_media":320425,"comment_status":"closed","ping_status":"closed","sticky":false,"template":"","format":"standard","meta":{"footnotes":""},"categories":[458,589,459,17988],"tags":[42350,43836],"class_list":["post-320424","post","type-post","status-publish","format-standard","has-post-thumbnail","","category-dunya1","category-haber-seridi","category-haberler-arap-uluslararasi-politika","category-son-haberler","tag-guterres","tag-israilin-samdaki-cumhurbaskanligi-sarayi-yakininda-gerceklestirdigi-hava-saldirisini-kinadi"],"_links":{"self":[{"href":"https:\/\/archive.sana.sy\/tr\/index.php?rest_route=\/wp\/v2\/posts\/320424","targetHints":{"allow":["GET"]}}],"collection":[{"href":"https:\/\/archive.sana.sy\/tr\/index.php?rest_route=\/wp\/v2\/posts"}],"about":[{"href":"https:\/\/archive.sana.sy\/tr\/index.php?rest_route=\/wp\/v2\/types\/post"}],"author":[{"embeddable":true,"href":"https:\/\/archive.sana.sy\/tr\/index.php?rest_route=\/wp\/v2\/users\/44"}],"replies":[{"embeddable":true,"href":"https:\/\/archive.sana.sy\/tr\/index.php?rest_route=%2Fwp%2Fv2%2Fcomments&post=320424"}],"version-history":[{"count":1,"href":"https:\/\/archive.sana.sy\/tr\/index.php?rest_route=\/wp\/v2\/posts\/320424\/revisions"}],"predecessor-version":[{"id":320426,"href":"https:\/\/archive.sana.sy\/tr\/index.php?rest_route=\/wp\/v2\/posts\/320424\/revisions\/320426"}],"wp:featuredmedia":[{"embeddable":true,"href":"https:\/\/archive.sana.sy\/tr\/index.php?rest_route=\/wp\/v2\/media\/320425"}],"wp:attachment":[{"href":"https:\/\/archive.sana.sy\/tr\/index.php?rest_route=%2Fwp%2Fv2%2Fmedia&parent=320424"}],"wp:term":[{"taxonomy":"category","embeddable":true,"href":"https:\/\/archive.sana.sy\/tr\/index.php?rest_route=%2Fwp%2Fv2%2Fcategories&post=320424"},{"taxonomy":"post_tag","embeddable":true,"href":"https:\/\/archive.sana.sy\/tr\/index.php?rest_route=%2Fwp%2Fv2%2Ftags&post=320424"}],"curies":[{"name":"wp","href":"https:\/\/api.w.org\/{rel}","templated":true}]}}