{"id":32043,"date":"2015-05-04T16:03:36","date_gmt":"2015-05-04T13:03:36","guid":{"rendered":"http:\/\/sana.sy\/tr\/?p=32043"},"modified":"2015-05-04T16:20:33","modified_gmt":"2015-05-04T13:20:33","slug":"suriyeyi-el-esadin-komutasinda-bilim-ve-marifetle-yapilandiracagiz","status":"publish","type":"post","link":"https:\/\/archive.sana.sy\/tr\/?p=32043","title":{"rendered":"Suriye&#8217;yi el Esad\u2019\u0131n Komutas\u0131nda Bilim ve Marifetle Yap\u0131land\u0131raca\u011f\u0131z"},"content":{"rendered":"<p>KAH\u0130RE \u2013 Suriye Ulusal \u00d6\u011frenci Birli\u011fi M\u0131s\u0131r \u015eubesi d\u00fcn y\u0131ll\u0131k konferans\u0131n\u0131 ba\u015fkent Kahire\u2019deki Suriye Konsoloslu\u011funda d\u00fczenledi.<\/p>\n<p>\u2018Suriye&#8217;yi Bilim, Marifet ve \u00c7abayla Cumhurba\u015fkan\u0131 el Esad Komutas\u0131nda Birlikte Yap\u0131land\u0131raca\u011f\u0131z\u2019 slogan\u0131 alt\u0131nda d\u00fczenlenen konferans kat\u0131l\u0131mc\u0131lar\u0131; Suriye ve halk\u0131n\u0131n maruz kald\u0131\u011f\u0131 \u00e7okuluslu ter\u00f6r kar\u015f\u0131s\u0131nda ordu birliklerimize deste\u011fin alt\u0131 \u00e7izildi.<\/p>\n<p>Suriye&#8217;nin Kahire&#8217;deki Konsolosluk Heyeti Ba\u015fkan\u0131 Riyad Sneyc M\u0131s\u0131r \u00fcniversitelerinde mevcut Suriyelilerin y\u00fcksek say\u0131s\u0131na i\u015faret ederken; \u00f6\u011frencilerden konsolosluk hizmetleri i\u00e7in kendilerine uygun bir mekanizma belirlemelerini talep etti. Sneyc konsolosluk heyetinin \u00f6zellikle \u00f6\u011frenciler olmak \u00fczere t\u00fcm Suriyelilere gerekli t\u00fcm yard\u0131mlar\u0131 sa\u011flamaya haz\u0131r oldu\u011funu s\u00f6yledi.<\/p>\n<p>A.A. &#8211; M.M.<\/p>\n","protected":false},"excerpt":{"rendered":"<p>KAH\u0130RE \u2013 Suriye Ulusal \u00d6\u011frenci Birli\u011fi M\u0131s\u0131r \u015eubesi d\u00fcn y\u0131ll\u0131k konferans\u0131n\u0131 ba\u015fkent Kahire\u2019deki Suriye Konsoloslu\u011funda d\u00fczenledi. \u2018Suriye&#8217;yi Bilim, Marifet ve \u00c7abayla Cumhurba\u015fkan\u0131 el Esad Komutas\u0131nda Birlikte Yap\u0131land\u0131raca\u011f\u0131z\u2019 slogan\u0131 alt\u0131nda d\u00fczenlenen konferans kat\u0131l\u0131mc\u0131lar\u0131; Suriye ve halk\u0131n\u0131n maruz kald\u0131\u011f\u0131 \u00e7okuluslu ter\u00f6r kar\u015f\u0131s\u0131nda ordu birliklerimize deste\u011fin alt\u0131 \u00e7izildi. Suriye&#8217;nin Kahire&#8217;deki Konsolosluk Heyeti Ba\u015fkan\u0131 Riyad Sneyc M\u0131s\u0131r \u00fcniversitelerinde mevcut &hellip;<\/p>\n","protected":false},"author":1,"featured_media":32044,"comment_status":"closed","ping_status":"closed","sticky":false,"template":"","format":"standard","meta":{"footnotes":""},"categories":[458,459],"tags":[14278],"class_list":["post-32043","post","type-post","status-publish","format-standard","has-post-thumbnail","","category-dunya1","category-haberler-arap-uluslararasi-politika","tag-suriyeyi-el-esadin-komutasinda-bilim-ve-marifetle-yapilandiracagiz"],"_links":{"self":[{"href":"https:\/\/archive.sana.sy\/tr\/index.php?rest_route=\/wp\/v2\/posts\/32043","targetHints":{"allow":["GET"]}}],"collection":[{"href":"https:\/\/archive.sana.sy\/tr\/index.php?rest_route=\/wp\/v2\/posts"}],"about":[{"href":"https:\/\/archive.sana.sy\/tr\/index.php?rest_route=\/wp\/v2\/types\/post"}],"author":[{"embeddable":true,"href":"https:\/\/archive.sana.sy\/tr\/index.php?rest_route=\/wp\/v2\/users\/1"}],"replies":[{"embeddable":true,"href":"https:\/\/archive.sana.sy\/tr\/index.php?rest_route=%2Fwp%2Fv2%2Fcomments&post=32043"}],"version-history":[{"count":0,"href":"https:\/\/archive.sana.sy\/tr\/index.php?rest_route=\/wp\/v2\/posts\/32043\/revisions"}],"wp:featuredmedia":[{"embeddable":true,"href":"https:\/\/archive.sana.sy\/tr\/index.php?rest_route=\/wp\/v2\/media\/32044"}],"wp:attachment":[{"href":"https:\/\/archive.sana.sy\/tr\/index.php?rest_route=%2Fwp%2Fv2%2Fmedia&parent=32043"}],"wp:term":[{"taxonomy":"category","embeddable":true,"href":"https:\/\/archive.sana.sy\/tr\/index.php?rest_route=%2Fwp%2Fv2%2Fcategories&post=32043"},{"taxonomy":"post_tag","embeddable":true,"href":"https:\/\/archive.sana.sy\/tr\/index.php?rest_route=%2Fwp%2Fv2%2Ftags&post=32043"}],"curies":[{"name":"wp","href":"https:\/\/api.w.org\/{rel}","templated":true}]}}