{"id":320433,"date":"2025-05-03T10:00:06","date_gmt":"2025-05-03T07:00:06","guid":{"rendered":"https:\/\/sana.sy\/tr\/?p=320433"},"modified":"2025-05-03T10:20:38","modified_gmt":"2025-05-03T07:20:38","slug":"yemen-israilin-samdaki-cumhurbaskanligi-sarayi-yakinlarina-duzenledigi-hava-saldirisini-sert-bir-dille-kinadi","status":"publish","type":"post","link":"https:\/\/archive.sana.sy\/tr\/?p=320433","title":{"rendered":"Yemen, \u0130srail&#8217;in \u015eam&#8217;daki Cumhurba\u015fkanl\u0131\u011f\u0131 Saray\u0131 Yak\u0131nlar\u0131na D\u00fczenledi\u011fi Hava Sald\u0131r\u0131s\u0131n\u0131 Sert Bir Dille K\u0131nad\u0131"},"content":{"rendered":"<p style=\"text-align: justify;\"><span style=\"color: #800000;\"><strong>SANAA (SANA) &#8211;<\/strong> <\/span>Yemen, \u0130srail&#8217;in \u015eam&#8217;daki Cumhurba\u015fkanl\u0131\u011f\u0131 Saray\u0131 yak\u0131nlar\u0131na d\u00fczenledi\u011fi hava sald\u0131r\u0131s\u0131n\u0131 ve Suriye topraklar\u0131na y\u00f6nelik sald\u0131r\u0131lar\u0131 sert bir dille k\u0131nad\u0131.<\/p>\n<p style=\"text-align: justify;\">Yemen haber ajans\u0131 (Saba Net), Yemen D\u0131\u015fi\u015fleri Bakanl\u0131\u011f\u0131&#8217;n\u0131n a\u00e7\u0131klamas\u0131nda, &#8221;Bu sald\u0131r\u0131 karde\u015f Suriye Arap Cumhuriyeti&#8217;nin egemenli\u011fine y\u00f6nelik a\u00e7\u0131k bir ihlaldir&#8221; diyerek, uluslararas\u0131 toplumu, \u0130srail i\u015fgalinin b\u00f6lge \u00fclkelerinde i\u015fledi\u011fi ve b\u00f6lgenin g\u00fcvenlik ve istikrar\u0131n\u0131 tehdit eden tekrarlanan ihlal ve su\u00e7lar\u0131n durdurulmas\u0131 i\u00e7in hukuki ve insani sorumluluklar\u0131n\u0131 yerine getirmeye \u00e7a\u011f\u0131rd\u0131\u011fini aktard\u0131.<\/p>\n<p style=\"text-align: justify;\">A\u00e7\u0131klamada, Yemen&#8217;in karde\u015f Suriye Arap Cumhuriyeti&#8217;nin birli\u011fine ve toprak b\u00fct\u00fcnl\u00fc\u011f\u00fcne verdi\u011fi destek yinelendi.<\/p>\n","protected":false},"excerpt":{"rendered":"<p>SANAA (SANA) &#8211; Yemen, \u0130srail&#8217;in \u015eam&#8217;daki Cumhurba\u015fkanl\u0131\u011f\u0131 Saray\u0131 yak\u0131nlar\u0131na d\u00fczenledi\u011fi hava sald\u0131r\u0131s\u0131n\u0131 ve Suriye topraklar\u0131na y\u00f6nelik sald\u0131r\u0131lar\u0131 sert bir dille k\u0131nad\u0131. Yemen haber ajans\u0131 (Saba Net), Yemen D\u0131\u015fi\u015fleri Bakanl\u0131\u011f\u0131&#8217;n\u0131n a\u00e7\u0131klamas\u0131nda, &#8221;Bu sald\u0131r\u0131 karde\u015f Suriye Arap Cumhuriyeti&#8217;nin egemenli\u011fine y\u00f6nelik a\u00e7\u0131k bir ihlaldir&#8221; diyerek, uluslararas\u0131 toplumu, \u0130srail i\u015fgalinin b\u00f6lge \u00fclkelerinde i\u015fledi\u011fi ve b\u00f6lgenin g\u00fcvenlik ve istikrar\u0131n\u0131 tehdit &hellip;<\/p>\n","protected":false},"author":44,"featured_media":320434,"comment_status":"closed","ping_status":"closed","sticky":false,"template":"","format":"standard","meta":{"footnotes":""},"categories":[458,589,459,17988],"tags":[43838,1543],"class_list":["post-320433","post","type-post","status-publish","format-standard","has-post-thumbnail","","category-dunya1","category-haber-seridi","category-haberler-arap-uluslararasi-politika","category-son-haberler","tag-israilin-samdaki-cumhurbaskanligi-sarayi-yakinlarina-duzenledigi-hava-saldirisini-sert-bir-dille-kinadi","tag-yemen"],"_links":{"self":[{"href":"https:\/\/archive.sana.sy\/tr\/index.php?rest_route=\/wp\/v2\/posts\/320433","targetHints":{"allow":["GET"]}}],"collection":[{"href":"https:\/\/archive.sana.sy\/tr\/index.php?rest_route=\/wp\/v2\/posts"}],"about":[{"href":"https:\/\/archive.sana.sy\/tr\/index.php?rest_route=\/wp\/v2\/types\/post"}],"author":[{"embeddable":true,"href":"https:\/\/archive.sana.sy\/tr\/index.php?rest_route=\/wp\/v2\/users\/44"}],"replies":[{"embeddable":true,"href":"https:\/\/archive.sana.sy\/tr\/index.php?rest_route=%2Fwp%2Fv2%2Fcomments&post=320433"}],"version-history":[{"count":1,"href":"https:\/\/archive.sana.sy\/tr\/index.php?rest_route=\/wp\/v2\/posts\/320433\/revisions"}],"predecessor-version":[{"id":320435,"href":"https:\/\/archive.sana.sy\/tr\/index.php?rest_route=\/wp\/v2\/posts\/320433\/revisions\/320435"}],"wp:featuredmedia":[{"embeddable":true,"href":"https:\/\/archive.sana.sy\/tr\/index.php?rest_route=\/wp\/v2\/media\/320434"}],"wp:attachment":[{"href":"https:\/\/archive.sana.sy\/tr\/index.php?rest_route=%2Fwp%2Fv2%2Fmedia&parent=320433"}],"wp:term":[{"taxonomy":"category","embeddable":true,"href":"https:\/\/archive.sana.sy\/tr\/index.php?rest_route=%2Fwp%2Fv2%2Fcategories&post=320433"},{"taxonomy":"post_tag","embeddable":true,"href":"https:\/\/archive.sana.sy\/tr\/index.php?rest_route=%2Fwp%2Fv2%2Ftags&post=320433"}],"curies":[{"name":"wp","href":"https:\/\/api.w.org\/{rel}","templated":true}]}}