{"id":320439,"date":"2025-05-03T11:28:57","date_gmt":"2025-05-03T08:28:57","guid":{"rendered":"https:\/\/sana.sy\/tr\/?p=320439"},"modified":"2025-05-03T11:37:39","modified_gmt":"2025-05-03T08:37:39","slug":"enerji-bakani-azerbaycanli-mevkidasiyla-enerji-sektorunde-ikili-isbirligi-alanlarini-gorustu","status":"publish","type":"post","link":"https:\/\/archive.sana.sy\/tr\/?p=320439","title":{"rendered":"Enerji Bakan\u0131, Azerbaycanl\u0131 Mevkida\u015f\u0131yla Enerji Sekt\u00f6r\u00fcnde \u0130kili \u0130\u015fbirli\u011fi Alanlar\u0131n\u0131 G\u00f6r\u00fc\u015ft\u00fc"},"content":{"rendered":"<p style=\"text-align: justify;\"><span style=\"color: #800000;\"><strong>\u0130STANBUL (SANA) &#8211;<\/strong> <\/span>Enerji Bakan\u0131, Muhammed El Be\u015fir, \u0130stanbul Do\u011fal Kaynaklar Zirvesi kapsam\u0131nda Azerbaycan Cumhurba\u015fkan\u0131 Perviz \u015eahbazov ile enerji sekt\u00f6r\u00fcnde iki \u00fclke aras\u0131ndaki ikili i\u015f birli\u011finin art\u0131r\u0131lmas\u0131 konusunu g\u00f6r\u00fc\u015ft\u00fc.<\/p>\n<p style=\"text-align: justify;\">Enerji Bakanl\u0131\u011f\u0131&#8217;n\u0131n Telegram kanal\u0131ndan al\u0131nan bilgiye g\u00f6re, toplant\u0131da do\u011falgaz tedari\u011fi, yenilenebilir enerji, uzmanl\u0131k al\u0131\u015fveri\u015fi ve enerji altyap\u0131 projelerine yat\u0131r\u0131m konular\u0131 ele al\u0131nd\u0131.<\/p>\n<p style=\"text-align: justify;\">Taraflar, enerji sekt\u00f6r\u00fcndeki b\u00f6lgesel ve uluslararas\u0131 geli\u015fmeleri ele alarak, Uluslararas\u0131 forumlarda pozisyonlar\u0131n koordine edilmesinin, \u0130ki \u00fclke aras\u0131ndaki ili\u015fkilerin geli\u015ftirilmesinin ve i\u015fbirli\u011fi alanlar\u0131n\u0131n geni\u015fletilmesinin \u00f6nemini vurgulad\u0131.<\/p>\n","protected":false},"excerpt":{"rendered":"<p>\u0130STANBUL (SANA) &#8211; Enerji Bakan\u0131, Muhammed El Be\u015fir, \u0130stanbul Do\u011fal Kaynaklar Zirvesi kapsam\u0131nda Azerbaycan Cumhurba\u015fkan\u0131 Perviz \u015eahbazov ile enerji sekt\u00f6r\u00fcnde iki \u00fclke aras\u0131ndaki ikili i\u015f birli\u011finin art\u0131r\u0131lmas\u0131 konusunu g\u00f6r\u00fc\u015ft\u00fc. Enerji Bakanl\u0131\u011f\u0131&#8217;n\u0131n Telegram kanal\u0131ndan al\u0131nan bilgiye g\u00f6re, toplant\u0131da do\u011falgaz tedari\u011fi, yenilenebilir enerji, uzmanl\u0131k al\u0131\u015fveri\u015fi ve enerji altyap\u0131 projelerine yat\u0131r\u0131m konular\u0131 ele al\u0131nd\u0131. Taraflar, enerji sekt\u00f6r\u00fcndeki b\u00f6lgesel &hellip;<\/p>\n","protected":false},"author":44,"featured_media":320440,"comment_status":"closed","ping_status":"closed","sticky":false,"template":"","format":"standard","meta":{"footnotes":""},"categories":[458,589,459,17988],"tags":[43841,43789],"class_list":["post-320439","post","type-post","status-publish","format-standard","has-post-thumbnail","","category-dunya1","category-haber-seridi","category-haberler-arap-uluslararasi-politika","category-son-haberler","tag-azerbaycanli-mevkidasiyla-enerji-sektorunde-ikili-isbirligi-alanlarini-gorustu","tag-enerji-bakani"],"_links":{"self":[{"href":"https:\/\/archive.sana.sy\/tr\/index.php?rest_route=\/wp\/v2\/posts\/320439","targetHints":{"allow":["GET"]}}],"collection":[{"href":"https:\/\/archive.sana.sy\/tr\/index.php?rest_route=\/wp\/v2\/posts"}],"about":[{"href":"https:\/\/archive.sana.sy\/tr\/index.php?rest_route=\/wp\/v2\/types\/post"}],"author":[{"embeddable":true,"href":"https:\/\/archive.sana.sy\/tr\/index.php?rest_route=\/wp\/v2\/users\/44"}],"replies":[{"embeddable":true,"href":"https:\/\/archive.sana.sy\/tr\/index.php?rest_route=%2Fwp%2Fv2%2Fcomments&post=320439"}],"version-history":[{"count":1,"href":"https:\/\/archive.sana.sy\/tr\/index.php?rest_route=\/wp\/v2\/posts\/320439\/revisions"}],"predecessor-version":[{"id":320441,"href":"https:\/\/archive.sana.sy\/tr\/index.php?rest_route=\/wp\/v2\/posts\/320439\/revisions\/320441"}],"wp:featuredmedia":[{"embeddable":true,"href":"https:\/\/archive.sana.sy\/tr\/index.php?rest_route=\/wp\/v2\/media\/320440"}],"wp:attachment":[{"href":"https:\/\/archive.sana.sy\/tr\/index.php?rest_route=%2Fwp%2Fv2%2Fmedia&parent=320439"}],"wp:term":[{"taxonomy":"category","embeddable":true,"href":"https:\/\/archive.sana.sy\/tr\/index.php?rest_route=%2Fwp%2Fv2%2Fcategories&post=320439"},{"taxonomy":"post_tag","embeddable":true,"href":"https:\/\/archive.sana.sy\/tr\/index.php?rest_route=%2Fwp%2Fv2%2Ftags&post=320439"}],"curies":[{"name":"wp","href":"https:\/\/api.w.org\/{rel}","templated":true}]}}