{"id":320449,"date":"2025-05-03T14:28:47","date_gmt":"2025-05-03T11:28:47","guid":{"rendered":"https:\/\/sana.sy\/tr\/?p=320449"},"modified":"2025-05-03T14:29:22","modified_gmt":"2025-05-03T11:29:22","slug":"pedersen-israilin-suriyenin-egemenligine-yonelik-tekrarlanan-ihlallerini-siddetle-kinadi","status":"publish","type":"post","link":"https:\/\/archive.sana.sy\/tr\/?p=320449","title":{"rendered":"Pedersen, \u0130srail&#8217;in Suriye&#8217;nin Egemenli\u011fine Y\u00f6nelik Tekrarlanan \u0130hlallerini \u015eiddetle K\u0131nad\u0131"},"content":{"rendered":"<p style=\"text-align: justify;\"><span style=\"color: #800000;\"><strong>NEW YORK (SANA)<\/strong> <\/span>&#8211; BM Suriye \u00d6zel Temsilcisi Geir Pedersen, \u0130srail&#8217;in \u015eam ve di\u011fer b\u00f6lgelere d\u00fczenledi\u011fi hava sald\u0131r\u0131lar\u0131 da dahil olmak \u00fczere Suriye&#8217;nin egemenli\u011fine y\u00f6nelik tekrarlanan ihlallerini k\u0131nayarak, uluslararas\u0131 hukuka ve Suriye&#8217;nin egemenli\u011fine sayg\u0131 g\u00f6sterilmesi \u00e7a\u011fr\u0131s\u0131nda bulundu.<\/p>\n<p style=\"text-align: justify;\">Pedersen, bug\u00fcn X platformundaki hesab\u0131ndan yapt\u0131\u011f\u0131 payla\u015f\u0131mda, \u2018\u2019\u0130srail&#8217;in, \u015eam ve di\u011fer kentlerin d\u0131\u015f mahallelerine d\u00fczenledi\u011fi hava sald\u0131r\u0131lar\u0131 da dahil olmak \u00fczere Suriye&#8217;nin egemenli\u011fine y\u00f6nelik ihlallerini \u015fiddetle k\u0131n\u0131yor ve bu sald\u0131r\u0131lar\u0131n derhal durdurulmas\u0131n\u0131 talep ediyorum\u2019\u2019 diyerek, \u00a0\u0130srail&#8217;in Suriye sivillerini tehlikeye atmaktan ka\u00e7\u0131nmas\u0131, uluslararas\u0131 hukuka ve Suriye&#8217;nin egemenli\u011fine, birli\u011fine, toprak b\u00fct\u00fcnl\u00fc\u011f\u00fcne ve ba\u011f\u0131ms\u0131zl\u0131\u011f\u0131na sayg\u0131 g\u00f6stermesi gerekti\u011fini vurgulad\u0131.<\/p>\n","protected":false},"excerpt":{"rendered":"<p>NEW YORK (SANA) &#8211; BM Suriye \u00d6zel Temsilcisi Geir Pedersen, \u0130srail&#8217;in \u015eam ve di\u011fer b\u00f6lgelere d\u00fczenledi\u011fi hava sald\u0131r\u0131lar\u0131 da dahil olmak \u00fczere Suriye&#8217;nin egemenli\u011fine y\u00f6nelik tekrarlanan ihlallerini k\u0131nayarak, uluslararas\u0131 hukuka ve Suriye&#8217;nin egemenli\u011fine sayg\u0131 g\u00f6sterilmesi \u00e7a\u011fr\u0131s\u0131nda bulundu. Pedersen, bug\u00fcn X platformundaki hesab\u0131ndan yapt\u0131\u011f\u0131 payla\u015f\u0131mda, \u2018\u2019\u0130srail&#8217;in, \u015eam ve di\u011fer kentlerin d\u0131\u015f mahallelerine d\u00fczenledi\u011fi hava sald\u0131r\u0131lar\u0131 da &hellip;<\/p>\n","protected":false},"author":44,"featured_media":320451,"comment_status":"closed","ping_status":"closed","sticky":false,"template":"","format":"standard","meta":{"footnotes":""},"categories":[458,589,459,17988],"tags":[],"class_list":["post-320449","post","type-post","status-publish","format-standard","has-post-thumbnail","","category-dunya1","category-haber-seridi","category-haberler-arap-uluslararasi-politika","category-son-haberler"],"_links":{"self":[{"href":"https:\/\/archive.sana.sy\/tr\/index.php?rest_route=\/wp\/v2\/posts\/320449","targetHints":{"allow":["GET"]}}],"collection":[{"href":"https:\/\/archive.sana.sy\/tr\/index.php?rest_route=\/wp\/v2\/posts"}],"about":[{"href":"https:\/\/archive.sana.sy\/tr\/index.php?rest_route=\/wp\/v2\/types\/post"}],"author":[{"embeddable":true,"href":"https:\/\/archive.sana.sy\/tr\/index.php?rest_route=\/wp\/v2\/users\/44"}],"replies":[{"embeddable":true,"href":"https:\/\/archive.sana.sy\/tr\/index.php?rest_route=%2Fwp%2Fv2%2Fcomments&post=320449"}],"version-history":[{"count":1,"href":"https:\/\/archive.sana.sy\/tr\/index.php?rest_route=\/wp\/v2\/posts\/320449\/revisions"}],"predecessor-version":[{"id":320450,"href":"https:\/\/archive.sana.sy\/tr\/index.php?rest_route=\/wp\/v2\/posts\/320449\/revisions\/320450"}],"wp:featuredmedia":[{"embeddable":true,"href":"https:\/\/archive.sana.sy\/tr\/index.php?rest_route=\/wp\/v2\/media\/320451"}],"wp:attachment":[{"href":"https:\/\/archive.sana.sy\/tr\/index.php?rest_route=%2Fwp%2Fv2%2Fmedia&parent=320449"}],"wp:term":[{"taxonomy":"category","embeddable":true,"href":"https:\/\/archive.sana.sy\/tr\/index.php?rest_route=%2Fwp%2Fv2%2Fcategories&post=320449"},{"taxonomy":"post_tag","embeddable":true,"href":"https:\/\/archive.sana.sy\/tr\/index.php?rest_route=%2Fwp%2Fv2%2Ftags&post=320449"}],"curies":[{"name":"wp","href":"https:\/\/api.w.org\/{rel}","templated":true}]}}