{"id":320469,"date":"2025-05-03T17:47:12","date_gmt":"2025-05-03T14:47:12","guid":{"rendered":"https:\/\/sana.sy\/tr\/?p=320469"},"modified":"2025-05-03T17:53:13","modified_gmt":"2025-05-03T14:53:13","slug":"humuslular-ulkelerinin-birligine-olan-bagliliklarini-ve-israil-saldirilarini-reddettiklerini-dile-getirdi","status":"publish","type":"post","link":"https:\/\/archive.sana.sy\/tr\/?p=320469","title":{"rendered":"Humuslular, \u00dclkelerinin Birli\u011fine Olan Ba\u011fl\u0131l\u0131klar\u0131n\u0131 Ve \u0130srail Sald\u0131r\u0131lar\u0131n\u0131 Reddettiklerini Dile Getirdi"},"content":{"rendered":"<p style=\"text-align: justify;\"><span style=\"color: #800000;\"><strong>HUMUS (SANA)<\/strong> &#8211;<\/span> Humus halk\u0131, Suriye&#8217;nin birli\u011fine olan ba\u011fl\u0131l\u0131klar\u0131n\u0131 dile getirerek, \u00fclkeyi istikrars\u0131zla\u015ft\u0131rmay\u0131, kaos yaratmay\u0131 ve \u00fclkenin yeniden canlanmas\u0131n\u0131 engellemeyi ama\u00e7layan \u0130srail&#8217;in tekrarlanan sald\u0131r\u0131lar\u0131n\u0131 reddettiklerini belirtti.<\/p>\n<p style=\"text-align: justify;\"><img loading=\"lazy\" decoding=\"async\" class=\"size-medium wp-image-320473 alignright\" src=\"http:\/\/sana.sy\/tr\/wp-content\/uploads\/2025\/05\/photo_2025-05-03_16-39-09-2-768x512-1-300x200.jpg\" alt=\"\" width=\"300\" height=\"200\" srcset=\"https:\/\/archive.sana.sy\/tr\/wp-content\/uploads\/2025\/05\/photo_2025-05-03_16-39-09-2-768x512-1-300x200.jpg 300w, https:\/\/archive.sana.sy\/tr\/wp-content\/uploads\/2025\/05\/photo_2025-05-03_16-39-09-2-768x512-1.jpg 768w\" sizes=\"auto, (max-width: 300px) 100vw, 300px\" \/>SANA \u00e7ok say\u0131da vatanda\u015f\u0131n g\u00f6r\u00fc\u015flerini al\u0131rken, Abdulbasit El Hindi, \u0130srail&#8217;in tekrarlanan sald\u0131r\u0131lar\u0131n\u0131n, i\u015fgalci g\u00fc\u00e7lerin i\u00e7inde bulundu\u011fu kar\u0131\u015f\u0131kl\u0131k durumunun ve g\u00fc\u00e7l\u00fc bir Suriye&#8217;nin varl\u0131\u011f\u0131ndan duydu\u011fu korkunun bir yans\u0131mas\u0131 oldu\u011funu kaydetti.<\/p>\n<p style=\"text-align: justify;\">Suriye halk\u0131n\u0131n geri ad\u0131m atmayaca\u011f\u0131n\u0131 ve devletiyle birlik i\u00e7inde kalaca\u011f\u0131n\u0131 vurgulayan El Hindi, biz Suriyeliler olarak hi\u00e7bir zaman mezhep\u00e7ilik bilmedi\u011fimizi ve \u00fclkemizde tek millet olarak ya\u015famaya devam edece\u011fimizi vurgulad\u0131.<\/p>\n<p style=\"text-align: justify;\">\u0130mad H\u00fcsn\u00fc \u015funlar\u0131 s\u00f6yledi: \u201cSuriye topraklar\u0131n\u0131n birli\u011fi k\u0131rm\u0131z\u0131 \u00e7izgidir. Biz Suriyeliler olarak zay\u0131f de\u011filiz. Suriye&#8217;yi in\u015fa edebiliriz. Suriye halk\u0131, t\u00fcm \u00e7e\u015fitlili\u011fiyle \u00f6zg\u00fcr ve g\u00fc\u00e7l\u00fcd\u00fcr.\u201d<\/p>\n<p style=\"text-align: justify;\">Vatanda\u015f Muhammed Hamdan ise Birle\u015fmi\u015f Milletler ve Arap Birli\u011fi&#8217;ne, \u0130srail&#8217;in Suriye topraklar\u0131na y\u00f6nelik ihlallerine son vermeleri ve su\u00e7lu rejimin elinde bulunan Halk Saray\u0131&#8217;n\u0131 Suriye halk\u0131na iade etmeleri \u00e7a\u011fr\u0131s\u0131nda bulundu.<\/p>\n<p style=\"text-align: justify;\">Vatanda\u015f Nidal Davud, \u0130srail&#8217;in Suriye&#8217;yi yok etmeyi ve \u00fclkenin yeniden do\u011fu\u015funu ve geli\u015fmesini engellemeyi ama\u00e7layan sald\u0131r\u0131lar\u0131na kar\u015f\u0131 d\u00fcnyaya Suriye devletinin yan\u0131nda durma \u00e7a\u011fr\u0131s\u0131nda da bulundu.<\/p>\n<div id='gallery-1' class='gallery galleryid-320469 gallery-columns-3 gallery-size-thumbnail'><figure class='gallery-item'>\n\t\t\t<div class='gallery-icon landscape'>\n\t\t\t\t<a href='https:\/\/archive.sana.sy\/tr\/?attachment_id=320470'><img loading=\"lazy\" decoding=\"async\" width=\"150\" height=\"150\" src=\"https:\/\/archive.sana.sy\/tr\/wp-content\/uploads\/2025\/05\/3-3-150x150.jpg\" class=\"attachment-thumbnail size-thumbnail\" alt=\"\" \/><\/a>\n\t\t\t<\/div><\/figure><figure class='gallery-item'>\n\t\t\t<div class='gallery-icon landscape'>\n\t\t\t\t<a href='https:\/\/archive.sana.sy\/tr\/?attachment_id=320471'><img loading=\"lazy\" decoding=\"async\" width=\"150\" height=\"150\" src=\"https:\/\/archive.sana.sy\/tr\/wp-content\/uploads\/2025\/05\/2-3-150x150.jpg\" class=\"attachment-thumbnail size-thumbnail\" alt=\"\" \/><\/a>\n\t\t\t<\/div><\/figure><figure class='gallery-item'>\n\t\t\t<div class='gallery-icon landscape'>\n\t\t\t\t<a href='https:\/\/archive.sana.sy\/tr\/?attachment_id=320472'><img loading=\"lazy\" decoding=\"async\" width=\"150\" height=\"150\" src=\"https:\/\/archive.sana.sy\/tr\/wp-content\/uploads\/2025\/05\/1-5-150x150.jpg\" class=\"attachment-thumbnail size-thumbnail\" alt=\"\" \/><\/a>\n\t\t\t<\/div><\/figure>\n\t\t<\/div>\n\n","protected":false},"excerpt":{"rendered":"<p>HUMUS (SANA) &#8211; Humus halk\u0131, Suriye&#8217;nin birli\u011fine olan ba\u011fl\u0131l\u0131klar\u0131n\u0131 dile getirerek, \u00fclkeyi istikrars\u0131zla\u015ft\u0131rmay\u0131, kaos yaratmay\u0131 ve \u00fclkenin yeniden canlanmas\u0131n\u0131 engellemeyi ama\u00e7layan \u0130srail&#8217;in tekrarlanan sald\u0131r\u0131lar\u0131n\u0131 reddettiklerini belirtti. SANA \u00e7ok say\u0131da vatanda\u015f\u0131n g\u00f6r\u00fc\u015flerini al\u0131rken, Abdulbasit El Hindi, \u0130srail&#8217;in tekrarlanan sald\u0131r\u0131lar\u0131n\u0131n, i\u015fgalci g\u00fc\u00e7lerin i\u00e7inde bulundu\u011fu kar\u0131\u015f\u0131kl\u0131k durumunun ve g\u00fc\u00e7l\u00fc bir Suriye&#8217;nin varl\u0131\u011f\u0131ndan duydu\u011fu korkunun bir yans\u0131mas\u0131 oldu\u011funu kaydetti. &hellip;<\/p>\n","protected":false},"author":41,"featured_media":320477,"comment_status":"closed","ping_status":"closed","sticky":false,"template":"","format":"standard","meta":{"footnotes":""},"categories":[589,479,17988,478],"tags":[],"class_list":["post-320469","post","type-post","status-publish","format-standard","has-post-thumbnail","","category-haber-seridi","category-haberler-yerel","category-son-haberler","category-yerel"],"_links":{"self":[{"href":"https:\/\/archive.sana.sy\/tr\/index.php?rest_route=\/wp\/v2\/posts\/320469","targetHints":{"allow":["GET"]}}],"collection":[{"href":"https:\/\/archive.sana.sy\/tr\/index.php?rest_route=\/wp\/v2\/posts"}],"about":[{"href":"https:\/\/archive.sana.sy\/tr\/index.php?rest_route=\/wp\/v2\/types\/post"}],"author":[{"embeddable":true,"href":"https:\/\/archive.sana.sy\/tr\/index.php?rest_route=\/wp\/v2\/users\/41"}],"replies":[{"embeddable":true,"href":"https:\/\/archive.sana.sy\/tr\/index.php?rest_route=%2Fwp%2Fv2%2Fcomments&post=320469"}],"version-history":[{"count":1,"href":"https:\/\/archive.sana.sy\/tr\/index.php?rest_route=\/wp\/v2\/posts\/320469\/revisions"}],"predecessor-version":[{"id":320474,"href":"https:\/\/archive.sana.sy\/tr\/index.php?rest_route=\/wp\/v2\/posts\/320469\/revisions\/320474"}],"wp:featuredmedia":[{"embeddable":true,"href":"https:\/\/archive.sana.sy\/tr\/index.php?rest_route=\/wp\/v2\/media\/320477"}],"wp:attachment":[{"href":"https:\/\/archive.sana.sy\/tr\/index.php?rest_route=%2Fwp%2Fv2%2Fmedia&parent=320469"}],"wp:term":[{"taxonomy":"category","embeddable":true,"href":"https:\/\/archive.sana.sy\/tr\/index.php?rest_route=%2Fwp%2Fv2%2Fcategories&post=320469"},{"taxonomy":"post_tag","embeddable":true,"href":"https:\/\/archive.sana.sy\/tr\/index.php?rest_route=%2Fwp%2Fv2%2Ftags&post=320469"}],"curies":[{"name":"wp","href":"https:\/\/api.w.org\/{rel}","templated":true}]}}