{"id":320478,"date":"2025-05-03T18:01:59","date_gmt":"2025-05-03T15:01:59","guid":{"rendered":"https:\/\/sana.sy\/tr\/?p=320478"},"modified":"2025-05-03T18:02:14","modified_gmt":"2025-05-03T15:02:14","slug":"suveyda-valisi-vilayetteki-guvenlik-anlasmasi-suveyda-sakinleri-ileri-gelenleri-ve-dini-liderlerin-girisimiyle-gerceklesti","status":"publish","type":"post","link":"https:\/\/archive.sana.sy\/tr\/?p=320478","title":{"rendered":"S\u00fcveyda Valisi: Vilayetteki G\u00fcvenlik Anla\u015fmas\u0131 S\u00fcveyda Sakinleri, \u0130leri Gelenleri Ve Dini Liderlerin Giri\u015fimiyle Ger\u00e7ekle\u015fti"},"content":{"rendered":"<p style=\"text-align: justify;\"><span style=\"color: #800000;\"><strong>S\u00dcVEYDA (SANA)<\/strong> <\/span>&#8211;\u00a0 S\u00fcveyde Valisi Mustafa El Bekkur, vilayetteki son g\u00fcvenlik anla\u015fmas\u0131n\u0131n S\u00fcveyde halk\u0131, ileri gelenleri ve din adamlar\u0131n\u0131n giri\u015fimiyle ger\u00e7ekle\u015fti\u011fini do\u011frulayarak, bu anla\u015fmaya d\u0131\u015far\u0131dan destek verilmesine ili\u015fkin s\u00f6ylemlerin, vilayetin ileri gelenlerinin Suriye&#8217;ye olan milli aidiyetlerini vurgulayan bildirisindeki ifadelerle \u00e7eli\u015fti\u011fini vurgulad\u0131.<\/p>\n<p style=\"text-align: justify;\">El Bekkur, Syria Today TV&#8217;ye verdi\u011fi \u00f6zel r\u00f6portajda \u015funlar\u0131 s\u00f6yledi: \u2018\u2019S\u00fcveyda&#8217;dan \u00e7ok say\u0131da gen\u00e7, i\u00e7 g\u00fcvenli\u011fin \u00f6rg\u00fctlenmesine ve kurumlar\u0131n rol\u00fcn\u00fcn etkinle\u015ftirilmesine katk\u0131da bulunmak amac\u0131yla Kamu G\u00fcvenlik M\u00fcd\u00fcrl\u011f\u00fc\u2019ne kat\u0131ld\u0131.\u2019\u2019<\/p>\n<p style=\"text-align: justify;\">Vali El Bekkur ayr\u0131ca, silah bulundurman\u0131n devletle s\u0131n\u0131rland\u0131r\u0131lmas\u0131 gerekti\u011fini vurgulayarak, hafif silah ta\u015f\u0131yan herkesin ya yasal bir lisans almas\u0131 ya da Savunma Bakanl\u0131\u011f\u0131 veya Kamu G\u00fcvenli\u011fi Bakanl\u0131\u011f\u0131 b\u00fcnyesinde \u00e7al\u0131\u015fmas\u0131 gerekti\u011fini s\u00f6yledi.<\/p>\n<p style=\"text-align: justify;\">Cumhurba\u015fkan\u0131 Say\u0131n Ahmed El \u015eara ile \u0130\u00e7i\u015fleri Bakan\u0131 Enes Hattab&#8217;\u0131n S\u00fcveyda&#8217;daki g\u00fcvenlik durumundaki geli\u015fmeleri yak\u0131ndan takip etti\u011fini belirten El Bakkur,\u00a0 Valili\u011fin, ortak sivil ve h\u00fck\u00fcmet i\u015fbirli\u011fiyle yeni bir istikrar a\u015famas\u0131na do\u011fru ilerledi\u011fine olan inanc\u0131n\u0131 dile getirdi.<\/p>\n<p style=\"text-align: justify;\">El Bekkur, \u2018\u2019Daha sonra yap\u0131lan a\u00e7\u0131klama, Suriye&#8217;deki \u00dcniteryen M\u00fcsl\u00fcman mezhebinin fikir \u00f6nderlerinden \u015eeyh Hikmet El-Hicri&#8217;nin de aralar\u0131nda bulundu\u011fu haz\u0131r bulunanlar\u0131n hepsi taraf\u0131ndan kabul edildi\u2019\u2019 diyerek, ilde g\u00fcvenlik istikrar\u0131n\u0131n sa\u011flanamamas\u0131 durumunun devam etmesinin kamu g\u00fcvenli\u011fini zay\u0131flatt\u0131\u011f\u0131na ve kaos ortam\u0131n\u0131n artmas\u0131na neden oldu\u011funa dikkat \u00e7ekti.<\/p>\n","protected":false},"excerpt":{"rendered":"<p>S\u00dcVEYDA (SANA) &#8211;\u00a0 S\u00fcveyde Valisi Mustafa El Bekkur, vilayetteki son g\u00fcvenlik anla\u015fmas\u0131n\u0131n S\u00fcveyde halk\u0131, ileri gelenleri ve din adamlar\u0131n\u0131n giri\u015fimiyle ger\u00e7ekle\u015fti\u011fini do\u011frulayarak, bu anla\u015fmaya d\u0131\u015far\u0131dan destek verilmesine ili\u015fkin s\u00f6ylemlerin, vilayetin ileri gelenlerinin Suriye&#8217;ye olan milli aidiyetlerini vurgulayan bildirisindeki ifadelerle \u00e7eli\u015fti\u011fini vurgulad\u0131. El Bekkur, Syria Today TV&#8217;ye verdi\u011fi \u00f6zel r\u00f6portajda \u015funlar\u0131 s\u00f6yledi: \u2018\u2019S\u00fcveyda&#8217;dan \u00e7ok say\u0131da gen\u00e7, &hellip;<\/p>\n","protected":false},"author":41,"featured_media":320479,"comment_status":"closed","ping_status":"closed","sticky":false,"template":"","format":"standard","meta":{"footnotes":""},"categories":[589,479,17988,478],"tags":[],"class_list":["post-320478","post","type-post","status-publish","format-standard","has-post-thumbnail","","category-haber-seridi","category-haberler-yerel","category-son-haberler","category-yerel"],"_links":{"self":[{"href":"https:\/\/archive.sana.sy\/tr\/index.php?rest_route=\/wp\/v2\/posts\/320478","targetHints":{"allow":["GET"]}}],"collection":[{"href":"https:\/\/archive.sana.sy\/tr\/index.php?rest_route=\/wp\/v2\/posts"}],"about":[{"href":"https:\/\/archive.sana.sy\/tr\/index.php?rest_route=\/wp\/v2\/types\/post"}],"author":[{"embeddable":true,"href":"https:\/\/archive.sana.sy\/tr\/index.php?rest_route=\/wp\/v2\/users\/41"}],"replies":[{"embeddable":true,"href":"https:\/\/archive.sana.sy\/tr\/index.php?rest_route=%2Fwp%2Fv2%2Fcomments&post=320478"}],"version-history":[{"count":1,"href":"https:\/\/archive.sana.sy\/tr\/index.php?rest_route=\/wp\/v2\/posts\/320478\/revisions"}],"predecessor-version":[{"id":320480,"href":"https:\/\/archive.sana.sy\/tr\/index.php?rest_route=\/wp\/v2\/posts\/320478\/revisions\/320480"}],"wp:featuredmedia":[{"embeddable":true,"href":"https:\/\/archive.sana.sy\/tr\/index.php?rest_route=\/wp\/v2\/media\/320479"}],"wp:attachment":[{"href":"https:\/\/archive.sana.sy\/tr\/index.php?rest_route=%2Fwp%2Fv2%2Fmedia&parent=320478"}],"wp:term":[{"taxonomy":"category","embeddable":true,"href":"https:\/\/archive.sana.sy\/tr\/index.php?rest_route=%2Fwp%2Fv2%2Fcategories&post=320478"},{"taxonomy":"post_tag","embeddable":true,"href":"https:\/\/archive.sana.sy\/tr\/index.php?rest_route=%2Fwp%2Fv2%2Ftags&post=320478"}],"curies":[{"name":"wp","href":"https:\/\/api.w.org\/{rel}","templated":true}]}}