{"id":320673,"date":"2025-05-06T09:34:19","date_gmt":"2025-05-06T06:34:19","guid":{"rendered":"https:\/\/sana.sy\/tr\/?p=320673"},"modified":"2025-05-06T09:34:19","modified_gmt":"2025-05-06T06:34:19","slug":"erdogan-trump-ile-yaptigi-telefon-gorusmesinde-suriyedeki-istikrar-bolgesel-ve-kuresel-barisa-destek-olacaktir","status":"publish","type":"post","link":"https:\/\/archive.sana.sy\/tr\/?p=320673","title":{"rendered":"Erdo\u011fan, Trump \u0130le Yapt\u0131\u011f\u0131 Telefon G\u00f6r\u00fc\u015fmesinde: Suriye&#8217;deki \u0130stikrar, B\u00f6lgesel Ve K\u00fcresel Bar\u0131\u015fa Destek Olacakt\u0131r"},"content":{"rendered":"<p style=\"text-align: justify;\"><strong>ANKARA (SANA) &#8211;<\/strong> T\u00fcrkiye Cumhurba\u015fkan\u0131 Recep Tayyip Erdo\u011fan, Suriye&#8217;deki istikrar\u0131n b\u00f6lgesel ve k\u00fcresel bar\u0131\u015fa destek olaca\u011f\u0131n\u0131 vurgulad\u0131.<\/p>\n<p style=\"text-align: justify;\">Anadolu Ajans\u0131, Erdo\u011fan&#8217;\u0131n bug\u00fcn ABD Ba\u015fkan\u0131 Donald Trump ile yapt\u0131\u011f\u0131 telefon g\u00f6r\u00fc\u015fmesinde, &#8220;Ankara, Suriye topraklar\u0131n\u0131n birli\u011fini ve b\u00fct\u00fcnl\u00fc\u011f\u00fcn\u00fc korumak ve istikrar\u0131n\u0131 sa\u011flamak i\u00e7in \u00e7al\u0131\u015fmaktad\u0131r&#8221; diyerek, ABD&#8217;nin Suriye&#8217;ye y\u00f6nelik yapt\u0131r\u0131mlar\u0131n hafifletilmesi y\u00f6n\u00fcndeki \u00e7abalar\u0131n\u0131n bu s\u00fcrece katk\u0131 sa\u011flamas\u0131n\u0131n \u00f6nemini vurgulad\u0131\u011f\u0131n\u0131 aktard\u0131.<\/p>\n<p style=\"text-align: justify;\">Taraflar ay\u0131ca, ikili ili\u015fkilerin yan\u0131 s\u0131ra bir dizi b\u00f6lgesel ve uluslararas\u0131 konuyu ele ald\u0131.<\/p>\n","protected":false},"excerpt":{"rendered":"<p>ANKARA (SANA) &#8211; T\u00fcrkiye Cumhurba\u015fkan\u0131 Recep Tayyip Erdo\u011fan, Suriye&#8217;deki istikrar\u0131n b\u00f6lgesel ve k\u00fcresel bar\u0131\u015fa destek olaca\u011f\u0131n\u0131 vurgulad\u0131. Anadolu Ajans\u0131, Erdo\u011fan&#8217;\u0131n bug\u00fcn ABD Ba\u015fkan\u0131 Donald Trump ile yapt\u0131\u011f\u0131 telefon g\u00f6r\u00fc\u015fmesinde, &#8220;Ankara, Suriye topraklar\u0131n\u0131n birli\u011fini ve b\u00fct\u00fcnl\u00fc\u011f\u00fcn\u00fc korumak ve istikrar\u0131n\u0131 sa\u011flamak i\u00e7in \u00e7al\u0131\u015fmaktad\u0131r&#8221; diyerek, ABD&#8217;nin Suriye&#8217;ye y\u00f6nelik yapt\u0131r\u0131mlar\u0131n hafifletilmesi y\u00f6n\u00fcndeki \u00e7abalar\u0131n\u0131n bu s\u00fcrece katk\u0131 sa\u011flamas\u0131n\u0131n \u00f6nemini vurgulad\u0131\u011f\u0131n\u0131 &hellip;<\/p>\n","protected":false},"author":39,"featured_media":320674,"comment_status":"closed","ping_status":"closed","sticky":false,"template":"","format":"standard","meta":{"footnotes":""},"categories":[458,589,459,17988],"tags":[],"class_list":["post-320673","post","type-post","status-publish","format-standard","has-post-thumbnail","","category-dunya1","category-haber-seridi","category-haberler-arap-uluslararasi-politika","category-son-haberler"],"_links":{"self":[{"href":"https:\/\/archive.sana.sy\/tr\/index.php?rest_route=\/wp\/v2\/posts\/320673","targetHints":{"allow":["GET"]}}],"collection":[{"href":"https:\/\/archive.sana.sy\/tr\/index.php?rest_route=\/wp\/v2\/posts"}],"about":[{"href":"https:\/\/archive.sana.sy\/tr\/index.php?rest_route=\/wp\/v2\/types\/post"}],"author":[{"embeddable":true,"href":"https:\/\/archive.sana.sy\/tr\/index.php?rest_route=\/wp\/v2\/users\/39"}],"replies":[{"embeddable":true,"href":"https:\/\/archive.sana.sy\/tr\/index.php?rest_route=%2Fwp%2Fv2%2Fcomments&post=320673"}],"version-history":[{"count":1,"href":"https:\/\/archive.sana.sy\/tr\/index.php?rest_route=\/wp\/v2\/posts\/320673\/revisions"}],"predecessor-version":[{"id":320675,"href":"https:\/\/archive.sana.sy\/tr\/index.php?rest_route=\/wp\/v2\/posts\/320673\/revisions\/320675"}],"wp:featuredmedia":[{"embeddable":true,"href":"https:\/\/archive.sana.sy\/tr\/index.php?rest_route=\/wp\/v2\/media\/320674"}],"wp:attachment":[{"href":"https:\/\/archive.sana.sy\/tr\/index.php?rest_route=%2Fwp%2Fv2%2Fmedia&parent=320673"}],"wp:term":[{"taxonomy":"category","embeddable":true,"href":"https:\/\/archive.sana.sy\/tr\/index.php?rest_route=%2Fwp%2Fv2%2Fcategories&post=320673"},{"taxonomy":"post_tag","embeddable":true,"href":"https:\/\/archive.sana.sy\/tr\/index.php?rest_route=%2Fwp%2Fv2%2Ftags&post=320673"}],"curies":[{"name":"wp","href":"https:\/\/api.w.org\/{rel}","templated":true}]}}