{"id":320676,"date":"2025-05-06T09:56:03","date_gmt":"2025-05-06T06:56:03","guid":{"rendered":"https:\/\/sana.sy\/tr\/?p=320676"},"modified":"2025-05-06T18:29:17","modified_gmt":"2025-05-06T15:29:17","slug":"suriye-suudi-arabistan-gorusmelerinde-telekomunikasyon-ve-dijital-donusum-alaninda-is-birligi-artirilacak","status":"publish","type":"post","link":"https:\/\/archive.sana.sy\/tr\/?p=320676","title":{"rendered":"Telekom\u00fcnikasyon Ve Dijital D\u00f6n\u00fc\u015f\u00fcm Alan\u0131nda \u0130\u015f Birli\u011fini Art\u0131rmak Amac\u0131yla Suriye-Suudi Arabistan G\u00f6r\u00fc\u015fmeleri Ger\u00e7ekle\u015fti"},"content":{"rendered":"<p style=\"text-align: justify;\"><strong><span style=\"color: #800000;\">\u015eAM (SANA)<\/span> \u2013<\/strong> Suriye \u0130leti\u015fim ve Bilgi Teknolojileri Bakan\u0131 Abd\u00fcsselam Heykel, Suudi Arabistan\u2019\u0131n \u015eam B\u00fcy\u00fckel\u00e7isi Feysal El Mucfel ile bir araya gelerek, yeniden yap\u0131lanma s\u00fcrecine destek kapsam\u0131nda telekom\u00fcnikasyon ve bilgi teknolojileri alan\u0131nda ortak i\u015f birli\u011finin geli\u015ftirilmesine y\u00f6nelik yollar\u0131 ele ald\u0131.<\/p>\n<p style=\"text-align: justify;\">Bakan Heykel, bug\u00fcn bakanl\u0131k binas\u0131nda ger\u00e7ekle\u015fen g\u00f6r\u00fc\u015fmede, ileti\u015fim sekt\u00f6r\u00fcn\u00fcn vatanda\u015flar\u0131n ya\u015fam kalitesini art\u0131rmada ve ekonomik kalk\u0131nmay\u0131 h\u0131zland\u0131rmada oynad\u0131\u011f\u0131 hayati role dikkat \u00e7ekti.<\/p>\n<p style=\"text-align: justify;\">Bakanl\u0131k olarak dijital altyap\u0131y\u0131 geli\u015ftirme ve k\u00fcresel geli\u015fmeleri yak\u0131ndan takip etme y\u00f6n\u00fcnde bir plan benimsediklerini belirten Heykel, bu vizyonun hayata ge\u00e7irilmesinin \u00f6n\u00fcnde finansman ve altyap\u0131 eksikli\u011fi gibi \u00e7e\u015fitli zorluklar\u0131n bulundu\u011funu da vurgulad\u0131.<\/p>\n<p style=\"text-align: justify;\">Suudi Arabistan B\u00fcy\u00fckel\u00e7isi El Mucfel ise iki \u00fclke aras\u0131ndaki k\u00f6kl\u00fc tarih\u00ee ili\u015fkilere i\u015faret ederek, Suudi Arabistan\u2019\u0131n Suriye\u2019ye teknik destek sa\u011flamaya ve telekom\u00fcnikasyon alan\u0131ndaki \u00f6nc\u00fc deneyimlerini payla\u015fmaya haz\u0131r oldu\u011funu ifade etti.<\/p>\n<p style=\"text-align: justify;\">B\u00fcy\u00fckel\u00e7i ayr\u0131ca, projelerin hayata ge\u00e7irilmesi i\u00e7in ortak \u00e7al\u0131\u015fma gruplar\u0131 olu\u015fturulmas\u0131na y\u00f6nelik isteklili\u011fini dile getirdi.<\/p>\n","protected":false},"excerpt":{"rendered":"<p>\u015eAM (SANA) \u2013 Suriye \u0130leti\u015fim ve Bilgi Teknolojileri Bakan\u0131 Abd\u00fcsselam Heykel, Suudi Arabistan\u2019\u0131n \u015eam B\u00fcy\u00fckel\u00e7isi Feysal El Mucfel ile bir araya gelerek, yeniden yap\u0131lanma s\u00fcrecine destek kapsam\u0131nda telekom\u00fcnikasyon ve bilgi teknolojileri alan\u0131nda ortak i\u015f birli\u011finin geli\u015ftirilmesine y\u00f6nelik yollar\u0131 ele ald\u0131. Bakan Heykel, bug\u00fcn bakanl\u0131k binas\u0131nda ger\u00e7ekle\u015fen g\u00f6r\u00fc\u015fmede, ileti\u015fim sekt\u00f6r\u00fcn\u00fcn vatanda\u015flar\u0131n ya\u015fam kalitesini art\u0131rmada ve ekonomik &hellip;<\/p>\n","protected":false},"author":39,"featured_media":320677,"comment_status":"closed","ping_status":"closed","sticky":false,"template":"","format":"standard","meta":{"footnotes":""},"categories":[589,479,17988,478],"tags":[],"class_list":["post-320676","post","type-post","status-publish","format-standard","has-post-thumbnail","","category-haber-seridi","category-haberler-yerel","category-son-haberler","category-yerel"],"_links":{"self":[{"href":"https:\/\/archive.sana.sy\/tr\/index.php?rest_route=\/wp\/v2\/posts\/320676","targetHints":{"allow":["GET"]}}],"collection":[{"href":"https:\/\/archive.sana.sy\/tr\/index.php?rest_route=\/wp\/v2\/posts"}],"about":[{"href":"https:\/\/archive.sana.sy\/tr\/index.php?rest_route=\/wp\/v2\/types\/post"}],"author":[{"embeddable":true,"href":"https:\/\/archive.sana.sy\/tr\/index.php?rest_route=\/wp\/v2\/users\/39"}],"replies":[{"embeddable":true,"href":"https:\/\/archive.sana.sy\/tr\/index.php?rest_route=%2Fwp%2Fv2%2Fcomments&post=320676"}],"version-history":[{"count":4,"href":"https:\/\/archive.sana.sy\/tr\/index.php?rest_route=\/wp\/v2\/posts\/320676\/revisions"}],"predecessor-version":[{"id":320801,"href":"https:\/\/archive.sana.sy\/tr\/index.php?rest_route=\/wp\/v2\/posts\/320676\/revisions\/320801"}],"wp:featuredmedia":[{"embeddable":true,"href":"https:\/\/archive.sana.sy\/tr\/index.php?rest_route=\/wp\/v2\/media\/320677"}],"wp:attachment":[{"href":"https:\/\/archive.sana.sy\/tr\/index.php?rest_route=%2Fwp%2Fv2%2Fmedia&parent=320676"}],"wp:term":[{"taxonomy":"category","embeddable":true,"href":"https:\/\/archive.sana.sy\/tr\/index.php?rest_route=%2Fwp%2Fv2%2Fcategories&post=320676"},{"taxonomy":"post_tag","embeddable":true,"href":"https:\/\/archive.sana.sy\/tr\/index.php?rest_route=%2Fwp%2Fv2%2Ftags&post=320676"}],"curies":[{"name":"wp","href":"https:\/\/api.w.org\/{rel}","templated":true}]}}