{"id":320679,"date":"2025-05-06T10:29:28","date_gmt":"2025-05-06T07:29:28","guid":{"rendered":"https:\/\/sana.sy\/tr\/?p=320679"},"modified":"2025-05-06T18:37:01","modified_gmt":"2025-05-06T15:37:01","slug":"sam-ticaret-odasi-baskani-bae-heyetiyle-ticari-is-birliginin-gelistirilmesini-gorustu","status":"publish","type":"post","link":"https:\/\/archive.sana.sy\/tr\/?p=320679","title":{"rendered":"\u015eam Ticaret Odas\u0131 Ba\u015fkan\u0131, BAE Heyetiyle Ticari \u0130\u015f Birli\u011finin Geli\u015ftirilmesini G\u00f6r\u00fc\u015ft\u00fc"},"content":{"rendered":"<p style=\"text-align: justify;\"><strong>\u015eAM (SANA) \u2013<\/strong> \u015eam Ticaret Odas\u0131 Ba\u015fkan\u0131 \u0130sam El \u011erivati, Birle\u015fik Arap Emirlikleri Bakanlar Kurulu Bilgi De\u011fi\u015fimi ve Rekabetten Sorumlu Bakan Yard\u0131mc\u0131s\u0131 Abdullah Lutah ile yapt\u0131\u011f\u0131 g\u00f6r\u00fc\u015fmede, \u00f6n\u00fcm\u00fczdeki d\u00f6nemde Suriye ile BAE aras\u0131nda bilgi ve ticaret alanlar\u0131nda i\u015f birli\u011finin art\u0131r\u0131lmas\u0131na y\u00f6nelik konular\u0131 ele ald\u0131.<\/p>\n<p style=\"text-align: justify;\">G\u00f6r\u00fc\u015fmede, Suriye\u2019deki mevcut ekonomik durum ile ticaret ve yat\u0131r\u0131m sekt\u00f6rlerinin gelece\u011fine dair vizyonlar de\u011ferlendirildi. Taraflar, \u00f6zel sekt\u00f6r\u00fcn toparlanma ve yeniden yap\u0131lanma s\u00fcrecindeki rol\u00fcn\u00fcn yan\u0131 s\u0131ra, Arap ve dost \u00fclkelerle i\u015f birli\u011finde yeni ufuklar a\u00e7man\u0131n \u00f6nemine vurgu yapt\u0131.<\/p>\n<p style=\"text-align: justify;\">El \u011erivati, bu ziyaretin iki karde\u015f halk aras\u0131nda sevgi ve i\u015f birli\u011fi ba\u011flar\u0131n\u0131 g\u00fc\u00e7lendirmeye y\u00f6nelik oldu\u011funu belirterek, \u015eam Ticaret Odas\u0131\u2019n\u0131n uluslararas\u0131 i\u015f birli\u011fini aktif hale getirme ve yat\u0131r\u0131mc\u0131lar i\u00e7in cazip bir ortam olu\u015fturma hedefini a\u00e7\u0131klad\u0131.<\/p>\n<p style=\"text-align: justify;\">BAE\u2019li yetkili Lutah ise, d\u00fcnyan\u0131n d\u00f6rt bir yan\u0131ndan i\u015f insanlar\u0131 ve yat\u0131r\u0131mc\u0131lar\u0131n Suriye\u2019ye \u00e7ekilmesinin \u00f6nemine de\u011findi. \u015eam Ticaret Odas\u0131 ile Dubai\u2019deki muadili aras\u0131nda kurumsal i\u015f birli\u011fini art\u0131rma konusundaki kararl\u0131l\u0131klar\u0131n\u0131 ifade etti.<\/p>\n<p style=\"text-align: justify;\">Lutah ayr\u0131ca, Suriye ile BAE aras\u0131ndaki ekonomik ortakl\u0131k ve entegrasyon \u00e7er\u00e7evesinde, do\u011frudan ticaret kanallar\u0131n\u0131n a\u00e7\u0131lmas\u0131 ve Suriyeli i\u015f insanlar\u0131na gerekli deste\u011fin sa\u011flanmas\u0131 amac\u0131yla, her iki odan\u0131n y\u00f6netim kurullar\u0131n\u0131n yak\u0131n zamanda Dubai\u2019de bir toplant\u0131 ger\u00e7ekle\u015ftirece\u011fini duyurdu.<\/p>\n","protected":false},"excerpt":{"rendered":"<p>\u015eAM (SANA) \u2013 \u015eam Ticaret Odas\u0131 Ba\u015fkan\u0131 \u0130sam El \u011erivati, Birle\u015fik Arap Emirlikleri Bakanlar Kurulu Bilgi De\u011fi\u015fimi ve Rekabetten Sorumlu Bakan Yard\u0131mc\u0131s\u0131 Abdullah Lutah ile yapt\u0131\u011f\u0131 g\u00f6r\u00fc\u015fmede, \u00f6n\u00fcm\u00fczdeki d\u00f6nemde Suriye ile BAE aras\u0131nda bilgi ve ticaret alanlar\u0131nda i\u015f birli\u011finin art\u0131r\u0131lmas\u0131na y\u00f6nelik konular\u0131 ele ald\u0131. G\u00f6r\u00fc\u015fmede, Suriye\u2019deki mevcut ekonomik durum ile ticaret ve yat\u0131r\u0131m sekt\u00f6rlerinin gelece\u011fine &hellip;<\/p>\n","protected":false},"author":39,"featured_media":320680,"comment_status":"closed","ping_status":"closed","sticky":false,"template":"","format":"standard","meta":{"footnotes":""},"categories":[589,479,17988,478],"tags":[],"class_list":["post-320679","post","type-post","status-publish","format-standard","has-post-thumbnail","","category-haber-seridi","category-haberler-yerel","category-son-haberler","category-yerel"],"_links":{"self":[{"href":"https:\/\/archive.sana.sy\/tr\/index.php?rest_route=\/wp\/v2\/posts\/320679","targetHints":{"allow":["GET"]}}],"collection":[{"href":"https:\/\/archive.sana.sy\/tr\/index.php?rest_route=\/wp\/v2\/posts"}],"about":[{"href":"https:\/\/archive.sana.sy\/tr\/index.php?rest_route=\/wp\/v2\/types\/post"}],"author":[{"embeddable":true,"href":"https:\/\/archive.sana.sy\/tr\/index.php?rest_route=\/wp\/v2\/users\/39"}],"replies":[{"embeddable":true,"href":"https:\/\/archive.sana.sy\/tr\/index.php?rest_route=%2Fwp%2Fv2%2Fcomments&post=320679"}],"version-history":[{"count":2,"href":"https:\/\/archive.sana.sy\/tr\/index.php?rest_route=\/wp\/v2\/posts\/320679\/revisions"}],"predecessor-version":[{"id":320802,"href":"https:\/\/archive.sana.sy\/tr\/index.php?rest_route=\/wp\/v2\/posts\/320679\/revisions\/320802"}],"wp:featuredmedia":[{"embeddable":true,"href":"https:\/\/archive.sana.sy\/tr\/index.php?rest_route=\/wp\/v2\/media\/320680"}],"wp:attachment":[{"href":"https:\/\/archive.sana.sy\/tr\/index.php?rest_route=%2Fwp%2Fv2%2Fmedia&parent=320679"}],"wp:term":[{"taxonomy":"category","embeddable":true,"href":"https:\/\/archive.sana.sy\/tr\/index.php?rest_route=%2Fwp%2Fv2%2Fcategories&post=320679"},{"taxonomy":"post_tag","embeddable":true,"href":"https:\/\/archive.sana.sy\/tr\/index.php?rest_route=%2Fwp%2Fv2%2Ftags&post=320679"}],"curies":[{"name":"wp","href":"https:\/\/api.w.org\/{rel}","templated":true}]}}