{"id":320682,"date":"2025-05-06T11:03:47","date_gmt":"2025-05-06T08:03:47","guid":{"rendered":"https:\/\/sana.sy\/tr\/?p=320682"},"modified":"2025-05-06T18:25:19","modified_gmt":"2025-05-06T15:25:19","slug":"sam-ve-kirsali-sanayi-odasi-baskani-turkiyenin-sam-maslahatguzari-ile-ikili-sanayi-ve-ticaret-iliskilerini-gorustu","status":"publish","type":"post","link":"https:\/\/archive.sana.sy\/tr\/?p=320682","title":{"rendered":"\u015eam Ve \u015eam K\u0131rsal\u0131 Sanayi Odas\u0131 Ba\u015fkan\u0131, T\u00fcrkiye&#8217;nin \u015eam Maslahatg\u00fczar\u0131 \u0130le \u0130kili Sanayi ve Ticaret \u0130li\u015fkilerini G\u00f6r\u00fc\u015ft\u00fc"},"content":{"rendered":"<p style=\"text-align: justify;\"><strong><span style=\"color: #800000;\">\u015eAM (SANA)<\/span> \u2013<\/strong> \u015eam ve K\u0131rsal\u0131 Sanayi Odas\u0131 Ba\u015fkan\u0131 Eymen Mevlevi ve oda y\u00f6netim kurulu \u00fcyeleri, T\u00fcrkiye\u2019nin \u015eam\u2019daki Maslahatg\u00fczar\u0131 B\u00fcy\u00fckel\u00e7i Burhan K\u00f6ro\u011flu ile ger\u00e7ekle\u015ftirdikleri g\u00f6r\u00fc\u015fmede, iki \u00fclke aras\u0131ndaki sanayi ve ticaret ili\u015fkilerinin geli\u015ftirilmesi ile Serbest Ticaret Anla\u015fmas\u0131\u2019n\u0131n yeniden etkinle\u015ftirilmesinin \u00f6nemini ele ald\u0131lar.<\/p>\n<p style=\"text-align: justify;\">Oda binas\u0131nda ger\u00e7ekle\u015fen g\u00f6r\u00fc\u015fmede, g\u00fcmr\u00fck i\u015flemleri ve lojistikle ilgili kar\u015f\u0131la\u015f\u0131lan zorluklar, bankac\u0131l\u0131k ve mali i\u015f birli\u011fini engelleyen sorunlar masaya yat\u0131r\u0131ld\u0131.<\/p>\n<p style=\"text-align: justify;\">G\u00f6r\u00fc\u015fmede ayr\u0131ca, haz\u0131r giyim sekt\u00f6r\u00fcndeki i\u015f insanlar\u0131 aras\u0131nda i\u015f birli\u011fi yollar\u0131, T\u00fcrk \u015firketleriyle ortakl\u0131k kurulmas\u0131 ve bu \u015firketlerin uluslararas\u0131 deneyimlerinden faydalanarak Suriye\u2019nin haz\u0131r giyim ihracat\u0131n\u0131n canland\u0131r\u0131lmas\u0131 konular\u0131nda fikir al\u0131\u015fveri\u015finde bulunuldu ve bu ad\u0131mlar\u0131n Suriyeliler i\u00e7in \u00f6nemli istihdam f\u0131rsatlar\u0131 yarataca\u011f\u0131 vurguland\u0131.<\/p>\n<p style=\"text-align: justify;\">Taraflar, ikili ili\u015fkilerin geni\u015fletilmesi, s\u0131n\u0131r kap\u0131lar\u0131n\u0131n kapasitesinin art\u0131r\u0131lmas\u0131, t\u00fcm alanlarda ger\u00e7ek bir ortakl\u0131k in\u015fa edilmesi, demir yolu hatlar\u0131n\u0131n yeniden faaliyete ge\u00e7irilmesi, t\u0131r ve transit ta\u015f\u0131mac\u0131l\u0131\u011f\u0131n\u0131n canland\u0131r\u0131lmas\u0131, iki \u00fclke aras\u0131nda g\u00fcmr\u00fck prosed\u00fcrlerinin kolayla\u015ft\u0131r\u0131lmas\u0131 ve i\u015f insanlar\u0131 aras\u0131nda do\u011frudan ileti\u015fimin sa\u011flanmas\u0131n\u0131n gereklili\u011fini dile getirdi.<\/p>\n<p style=\"text-align: justify;\">Taraflar ayr\u0131ca , sanayicilere ve i\u015f insanlar\u0131na vize i\u015flemlerinde kolayl\u0131k sa\u011flanmas\u0131, ikili g\u00f6r\u00fc\u015fmelerin art\u0131r\u0131lmas\u0131, ortak sanayi fuarlar\u0131n\u0131n d\u00fczenlenmesi ve T\u00fcrk i\u015f insanlar\u0131n\u0131n Suriye\u2019ye davet edilmesi gibi ad\u0131mlar\u0131n \u00f6nemine dikkat \u00e7ekildi.<\/p>\n<p style=\"text-align: justify;\">B\u00fcy\u00fckel\u00e7i K\u00f6ro\u011flu ise, toplant\u0131da dile getirilen sekt\u00f6rlere ili\u015fkin \u00f6nerilerin b\u00fcy\u00fck \u00f6nem ta\u015f\u0131d\u0131\u011f\u0131n\u0131 ve bunlar\u0131n T\u00fcrkiye\u2019deki ilgili makamlara iletilece\u011fini belirterek, T\u00fcrk ve Suriyeli sanayiciler aras\u0131nda g\u00fc\u00e7l\u00fc bir i\u015f birli\u011fi kurma y\u00f6n\u00fcnde ciddi bir niyetin mevcut oldu\u011funu, bu kapsamda iki \u00fclke aras\u0131nda ihracat al\u0131\u015fveri\u015finin geli\u015ftirilmesinin hedeflendi\u011fini ifade etti.<\/p>\n<p style=\"text-align: justify;\">Kendi y\u00f6n\u00fcnden Mevlevi, iki \u00fclke aras\u0131nda imzalanan anla\u015fmalar\u0131n etkinle\u015ftirilmesi ve geli\u015ftirilmesi yoluyla kar\u015f\u0131l\u0131kl\u0131 \u00e7\u0131karlar\u0131n desteklenebilece\u011fini belirtirken, T\u00fcrkiye ile sanayi ve ticaret alanlar\u0131nda entegrasyon ve i\u015f birli\u011finin art\u0131r\u0131lmas\u0131n\u0131n her iki \u00fclke ekonomisine katma de\u011fer sa\u011flayaca\u011f\u0131n\u0131 vurgulad\u0131.<\/p>\n<p style=\"text-align: justify;\">Yak\u0131n zamanda T\u00fcrkiye ve Suriye\u2019de i\u015f insanlar\u0131n\u0131n kat\u0131l\u0131m\u0131yla forumlar d\u00fczenlenmesini temenni eden Mevlevi, i\u015f d\u00fcnyas\u0131n\u0131n ortak hedeflerine ula\u015fmas\u0131 i\u00e7in \u00f6nemli konular\u0131n masaya yat\u0131r\u0131lmas\u0131n\u0131 arzulad\u0131klar\u0131n\u0131 kaydetti.<\/p>\n","protected":false},"excerpt":{"rendered":"<p>\u015eAM (SANA) \u2013 \u015eam ve K\u0131rsal\u0131 Sanayi Odas\u0131 Ba\u015fkan\u0131 Eymen Mevlevi ve oda y\u00f6netim kurulu \u00fcyeleri, T\u00fcrkiye\u2019nin \u015eam\u2019daki Maslahatg\u00fczar\u0131 B\u00fcy\u00fckel\u00e7i Burhan K\u00f6ro\u011flu ile ger\u00e7ekle\u015ftirdikleri g\u00f6r\u00fc\u015fmede, iki \u00fclke aras\u0131ndaki sanayi ve ticaret ili\u015fkilerinin geli\u015ftirilmesi ile Serbest Ticaret Anla\u015fmas\u0131\u2019n\u0131n yeniden etkinle\u015ftirilmesinin \u00f6nemini ele ald\u0131lar. Oda binas\u0131nda ger\u00e7ekle\u015fen g\u00f6r\u00fc\u015fmede, g\u00fcmr\u00fck i\u015flemleri ve lojistikle ilgili kar\u015f\u0131la\u015f\u0131lan zorluklar, bankac\u0131l\u0131k ve &hellip;<\/p>\n","protected":false},"author":39,"featured_media":320683,"comment_status":"closed","ping_status":"closed","sticky":false,"template":"","format":"standard","meta":{"footnotes":""},"categories":[589,479,17988,478],"tags":[],"class_list":["post-320682","post","type-post","status-publish","format-standard","has-post-thumbnail","","category-haber-seridi","category-haberler-yerel","category-son-haberler","category-yerel"],"_links":{"self":[{"href":"https:\/\/archive.sana.sy\/tr\/index.php?rest_route=\/wp\/v2\/posts\/320682","targetHints":{"allow":["GET"]}}],"collection":[{"href":"https:\/\/archive.sana.sy\/tr\/index.php?rest_route=\/wp\/v2\/posts"}],"about":[{"href":"https:\/\/archive.sana.sy\/tr\/index.php?rest_route=\/wp\/v2\/types\/post"}],"author":[{"embeddable":true,"href":"https:\/\/archive.sana.sy\/tr\/index.php?rest_route=\/wp\/v2\/users\/39"}],"replies":[{"embeddable":true,"href":"https:\/\/archive.sana.sy\/tr\/index.php?rest_route=%2Fwp%2Fv2%2Fcomments&post=320682"}],"version-history":[{"count":5,"href":"https:\/\/archive.sana.sy\/tr\/index.php?rest_route=\/wp\/v2\/posts\/320682\/revisions"}],"predecessor-version":[{"id":320798,"href":"https:\/\/archive.sana.sy\/tr\/index.php?rest_route=\/wp\/v2\/posts\/320682\/revisions\/320798"}],"wp:featuredmedia":[{"embeddable":true,"href":"https:\/\/archive.sana.sy\/tr\/index.php?rest_route=\/wp\/v2\/media\/320683"}],"wp:attachment":[{"href":"https:\/\/archive.sana.sy\/tr\/index.php?rest_route=%2Fwp%2Fv2%2Fmedia&parent=320682"}],"wp:term":[{"taxonomy":"category","embeddable":true,"href":"https:\/\/archive.sana.sy\/tr\/index.php?rest_route=%2Fwp%2Fv2%2Fcategories&post=320682"},{"taxonomy":"post_tag","embeddable":true,"href":"https:\/\/archive.sana.sy\/tr\/index.php?rest_route=%2Fwp%2Fv2%2Ftags&post=320682"}],"curies":[{"name":"wp","href":"https:\/\/api.w.org\/{rel}","templated":true}]}}