{"id":320686,"date":"2025-05-06T11:08:50","date_gmt":"2025-05-06T08:08:50","guid":{"rendered":"https:\/\/sana.sy\/tr\/?p=320686"},"modified":"2025-05-06T11:14:12","modified_gmt":"2025-05-06T08:14:12","slug":"sana-muhabiri-enerji-bakani-muh-muhammed-el-besir-sam-kirsalindaki-30-megavolt-amper-kapasiteli-arbin-trafo-merkezini-hizmete-acti","status":"publish","type":"post","link":"https:\/\/archive.sana.sy\/tr\/?p=320686","title":{"rendered":"SANA muhabiri: Enerji Bakan\u0131 M\u00fch. Muhammed El Be\u015fir, \u015eam k\u0131rsal\u0131ndaki 30 megavolt amper kapasiteli Arbin trafo merkezini hizmete a\u00e7t\u0131."},"content":{"rendered":"","protected":false},"excerpt":{"rendered":"","protected":false},"author":39,"featured_media":0,"comment_status":"closed","ping_status":"closed","sticky":false,"template":"","format":"standard","meta":{"footnotes":""},"categories":[1],"tags":[],"class_list":["post-320686","post","type-post","status-publish","format-standard","","category-news-not-sorted"],"_links":{"self":[{"href":"https:\/\/archive.sana.sy\/tr\/index.php?rest_route=\/wp\/v2\/posts\/320686","targetHints":{"allow":["GET"]}}],"collection":[{"href":"https:\/\/archive.sana.sy\/tr\/index.php?rest_route=\/wp\/v2\/posts"}],"about":[{"href":"https:\/\/archive.sana.sy\/tr\/index.php?rest_route=\/wp\/v2\/types\/post"}],"author":[{"embeddable":true,"href":"https:\/\/archive.sana.sy\/tr\/index.php?rest_route=\/wp\/v2\/users\/39"}],"replies":[{"embeddable":true,"href":"https:\/\/archive.sana.sy\/tr\/index.php?rest_route=%2Fwp%2Fv2%2Fcomments&post=320686"}],"version-history":[{"count":1,"href":"https:\/\/archive.sana.sy\/tr\/index.php?rest_route=\/wp\/v2\/posts\/320686\/revisions"}],"predecessor-version":[{"id":320687,"href":"https:\/\/archive.sana.sy\/tr\/index.php?rest_route=\/wp\/v2\/posts\/320686\/revisions\/320687"}],"wp:attachment":[{"href":"https:\/\/archive.sana.sy\/tr\/index.php?rest_route=%2Fwp%2Fv2%2Fmedia&parent=320686"}],"wp:term":[{"taxonomy":"category","embeddable":true,"href":"https:\/\/archive.sana.sy\/tr\/index.php?rest_route=%2Fwp%2Fv2%2Fcategories&post=320686"},{"taxonomy":"post_tag","embeddable":true,"href":"https:\/\/archive.sana.sy\/tr\/index.php?rest_route=%2Fwp%2Fv2%2Ftags&post=320686"}],"curies":[{"name":"wp","href":"https:\/\/api.w.org\/{rel}","templated":true}]}}