{"id":320688,"date":"2025-05-06T09:23:54","date_gmt":"2025-05-06T06:23:54","guid":{"rendered":"https:\/\/sana.sy\/tr\/?p=320688"},"modified":"2025-05-06T18:15:59","modified_gmt":"2025-05-06T15:15:59","slug":"suriyeli-halterci-kasvera-cegilli-peruda-duzenlenen-gencler-dunya-sampiyonasinda-dorduncu-oldu","status":"publish","type":"post","link":"https:\/\/archive.sana.sy\/tr\/?p=320688","title":{"rendered":"Suriyeli Halterci Kasvara Ca\u011fili, Peru\u2019da D\u00fczenlenen Gen\u00e7ler D\u00fcnya \u015eampiyonas\u0131nda D\u00f6rd\u00fcnc\u00fc Oldu"},"content":{"rendered":"<p style=\"text-align: justify;\"><strong><span style=\"color: #800000;\">L\u0130MA (SANA) \u2013\u00a0 <\/span><\/strong>Suriyeli halterci Kasvera Ca\u011fili, Peru\u2019da d\u00fczenlenen 20 ya\u015f alt\u0131 Gen\u00e7ler D\u00fcnya \u015eampiyonas\u0131nda d\u00f6rd\u00fcnc\u00fc oldu. \u015eampiyonaya 85 \u00fclkeden 600 halterci kat\u0131ld\u0131.<\/p>\n<p style=\"text-align: justify;\">Federasyon Genel Sekreteri Dr. Basel \u0130brahim, SANA\u2019ya yapt\u0131\u011f\u0131 a\u00e7\u0131klamada \u015funlar\u0131 s\u00f6yledi: \u201cCa\u011fili, halterci Muayed El Nacar\u2019\u0131n \u00f6nceki rekorundan 5 kilo fazla kald\u0131rarak 167 kilo kald\u0131rarak d\u00f6rd\u00fcnc\u00fc oldu.\u201d<\/p>\n","protected":false},"excerpt":{"rendered":"<p>L\u0130MA (SANA) \u2013\u00a0 Suriyeli halterci Kasvera Ca\u011fili, Peru\u2019da d\u00fczenlenen 20 ya\u015f alt\u0131 Gen\u00e7ler D\u00fcnya \u015eampiyonas\u0131nda d\u00f6rd\u00fcnc\u00fc oldu. \u015eampiyonaya 85 \u00fclkeden 600 halterci kat\u0131ld\u0131. Federasyon Genel Sekreteri Dr. Basel \u0130brahim, SANA\u2019ya yapt\u0131\u011f\u0131 a\u00e7\u0131klamada \u015funlar\u0131 s\u00f6yledi: \u201cCa\u011fili, halterci Muayed El Nacar\u2019\u0131n \u00f6nceki rekorundan 5 kilo fazla kald\u0131rarak 167 kilo kald\u0131rarak d\u00f6rd\u00fcnc\u00fc oldu.\u201d<\/p>\n","protected":false},"author":39,"featured_media":320689,"comment_status":"closed","ping_status":"closed","sticky":false,"template":"","format":"standard","meta":{"footnotes":""},"categories":[498,589,17988,496],"tags":[],"class_list":["post-320688","post","type-post","status-publish","format-standard","has-post-thumbnail","","category-dunya-turnuvalari","category-haber-seridi","category-son-haberler","category-spor"],"_links":{"self":[{"href":"https:\/\/archive.sana.sy\/tr\/index.php?rest_route=\/wp\/v2\/posts\/320688","targetHints":{"allow":["GET"]}}],"collection":[{"href":"https:\/\/archive.sana.sy\/tr\/index.php?rest_route=\/wp\/v2\/posts"}],"about":[{"href":"https:\/\/archive.sana.sy\/tr\/index.php?rest_route=\/wp\/v2\/types\/post"}],"author":[{"embeddable":true,"href":"https:\/\/archive.sana.sy\/tr\/index.php?rest_route=\/wp\/v2\/users\/39"}],"replies":[{"embeddable":true,"href":"https:\/\/archive.sana.sy\/tr\/index.php?rest_route=%2Fwp%2Fv2%2Fcomments&post=320688"}],"version-history":[{"count":7,"href":"https:\/\/archive.sana.sy\/tr\/index.php?rest_route=\/wp\/v2\/posts\/320688\/revisions"}],"predecessor-version":[{"id":320790,"href":"https:\/\/archive.sana.sy\/tr\/index.php?rest_route=\/wp\/v2\/posts\/320688\/revisions\/320790"}],"wp:featuredmedia":[{"embeddable":true,"href":"https:\/\/archive.sana.sy\/tr\/index.php?rest_route=\/wp\/v2\/media\/320689"}],"wp:attachment":[{"href":"https:\/\/archive.sana.sy\/tr\/index.php?rest_route=%2Fwp%2Fv2%2Fmedia&parent=320688"}],"wp:term":[{"taxonomy":"category","embeddable":true,"href":"https:\/\/archive.sana.sy\/tr\/index.php?rest_route=%2Fwp%2Fv2%2Fcategories&post=320688"},{"taxonomy":"post_tag","embeddable":true,"href":"https:\/\/archive.sana.sy\/tr\/index.php?rest_route=%2Fwp%2Fv2%2Ftags&post=320688"}],"curies":[{"name":"wp","href":"https:\/\/api.w.org\/{rel}","templated":true}]}}