{"id":320693,"date":"2025-05-06T12:03:47","date_gmt":"2025-05-06T09:03:47","guid":{"rendered":"https:\/\/sana.sy\/tr\/?p=320693"},"modified":"2025-05-06T12:09:47","modified_gmt":"2025-05-06T09:09:47","slug":"gelecek-carsamba-gunu-suriyede-insaat-enerji-ve-sanayi-alanlarinda-ihtisas-fuarlari-serisi-baslayacak","status":"publish","type":"post","link":"https:\/\/archive.sana.sy\/tr\/?p=320693","title":{"rendered":"Gelecek \u00c7ar\u015famba G\u00fcn\u00fc, Suriye\u2019de \u0130n\u015faat, Enerji Ve Sanayi Alanlar\u0131nda \u0130htisas Fuarlar\u0131 Serisi Ba\u015flayacak"},"content":{"rendered":"<p style=\"text-align: justify;\"><strong>\u015eAM (SANA) &#8211; <\/strong>2025 y\u0131l\u0131na y\u00f6nelik Suriye \u0130htisas Fuarlar\u0131 serisi, \u00f6n\u00fcm\u00fczdeki \u00c7ar\u015famba g\u00fcn\u00fc \u015eam\u2019daki Yeni Fuar Kentinde ba\u015flayacak. Etkinlik, Tyara Uluslararas\u0131 Fuarlar ve Konferanslar Grubu taraf\u0131ndan, Bay\u0131nd\u0131rl\u0131k ve \u0130sk\u00e2n, Enerji, Ekonomi ve Sanayi Bakanl\u0131klar\u0131 i\u015f birli\u011fiyle d\u00fczenleniyor.<\/p>\n<p style=\"text-align: justify;\">11 May\u0131s\u2019a kadar s\u00fcrecek olan fuar serisi, toplam 30 bin metrekarelik bir alanda ger\u00e7ekle\u015ftirilecek. Etkinlik kapsam\u0131nda, Uluslararas\u0131 Suriye \u0130n\u015faat, Yap\u0131 ve Altyap\u0131 Fuar\u0131 &#8221; TechnoBuild &#8220;, Enerji, Elektrik ve End\u00fcstriyel Otomasyon Fuar\u0131 &#8220;Syria Energy&#8221;, ve Uluslararas\u0131 Suriye Sanayi Fuar\u0131 &#8220;SINEX&#8221; yer alacak.<\/p>\n<p style=\"text-align: justify;\">Fuar serisine 500\u2019\u00fcn \u00fczerinde yerli ve yabanc\u0131 firma kat\u0131l\u0131yor. Kat\u0131l\u0131mc\u0131lar aras\u0131nda L\u00fcbnan, M\u0131s\u0131r, Birle\u015fik Arap Emirlikleri, \u00dcrd\u00fcn ve Irak gibi Arap \u00fclkelerinden firmalar ile birlikte 180 T\u00fcrk, 22 \u00c7inli ve 15 \u0130talyan \u015firket bulunuyor. Ayr\u0131ca \u00e7ok say\u0131da uluslararas\u0131 firman\u0131n yerel temsilcileri ile Bay\u0131nd\u0131rl\u0131k ve \u0130skan, Enerji, Ekonomi ve Sanayi bakanl\u0131klar\u0131na ba\u011fl\u0131 kurumlar da fuarda yer alacak.<\/p>\n<p style=\"text-align: justify;\">Fuar kapsam\u0131nda in\u015faat ve yap\u0131 hizmetleri, gayrimenkul ve m\u00fchendislik \u00e7\u00f6z\u00fcmleri, i\u00e7 ve d\u0131\u015f mek\u00e2n dekorasyonu, elektrik ve alternatif enerji teknolojileri ile sanayi ekipmanlar\u0131, makineler ve \u00fcretim hatlar\u0131 sergilenecek. Etkinlik s\u00fcresince, yeniden imar ve ilgili hizmetlere odaklanan bilimsel seminerler ve konferanslar da d\u00fczenlenecek.<\/p>\n<p style=\"text-align: justify;\">Ziyaret\u00e7iler i\u00e7in \u015eam\u2019daki H\u00fcrriyet K\u00f6pr\u00fcs\u00fc\u2019nden fuar Kentine \u00fccretsiz ula\u015f\u0131m hizmeti sa\u011flanacak. Servisler, saat 16:30\u2019dan 22:00\u2019ye kadar hizmet verecek.<\/p>\n","protected":false},"excerpt":{"rendered":"<p>\u015eAM (SANA) &#8211; 2025 y\u0131l\u0131na y\u00f6nelik Suriye \u0130htisas Fuarlar\u0131 serisi, \u00f6n\u00fcm\u00fczdeki \u00c7ar\u015famba g\u00fcn\u00fc \u015eam\u2019daki Yeni Fuar Kentinde ba\u015flayacak. Etkinlik, Tyara Uluslararas\u0131 Fuarlar ve Konferanslar Grubu taraf\u0131ndan, Bay\u0131nd\u0131rl\u0131k ve \u0130sk\u00e2n, Enerji, Ekonomi ve Sanayi Bakanl\u0131klar\u0131 i\u015f birli\u011fiyle d\u00fczenleniyor. 11 May\u0131s\u2019a kadar s\u00fcrecek olan fuar serisi, toplam 30 bin metrekarelik bir alanda ger\u00e7ekle\u015ftirilecek. Etkinlik kapsam\u0131nda, Uluslararas\u0131 Suriye &hellip;<\/p>\n","protected":false},"author":39,"featured_media":320694,"comment_status":"closed","ping_status":"closed","sticky":false,"template":"","format":"standard","meta":{"footnotes":""},"categories":[589,479,17988,478],"tags":[],"class_list":["post-320693","post","type-post","status-publish","format-standard","has-post-thumbnail","","category-haber-seridi","category-haberler-yerel","category-son-haberler","category-yerel"],"_links":{"self":[{"href":"https:\/\/archive.sana.sy\/tr\/index.php?rest_route=\/wp\/v2\/posts\/320693","targetHints":{"allow":["GET"]}}],"collection":[{"href":"https:\/\/archive.sana.sy\/tr\/index.php?rest_route=\/wp\/v2\/posts"}],"about":[{"href":"https:\/\/archive.sana.sy\/tr\/index.php?rest_route=\/wp\/v2\/types\/post"}],"author":[{"embeddable":true,"href":"https:\/\/archive.sana.sy\/tr\/index.php?rest_route=\/wp\/v2\/users\/39"}],"replies":[{"embeddable":true,"href":"https:\/\/archive.sana.sy\/tr\/index.php?rest_route=%2Fwp%2Fv2%2Fcomments&post=320693"}],"version-history":[{"count":2,"href":"https:\/\/archive.sana.sy\/tr\/index.php?rest_route=\/wp\/v2\/posts\/320693\/revisions"}],"predecessor-version":[{"id":320696,"href":"https:\/\/archive.sana.sy\/tr\/index.php?rest_route=\/wp\/v2\/posts\/320693\/revisions\/320696"}],"wp:featuredmedia":[{"embeddable":true,"href":"https:\/\/archive.sana.sy\/tr\/index.php?rest_route=\/wp\/v2\/media\/320694"}],"wp:attachment":[{"href":"https:\/\/archive.sana.sy\/tr\/index.php?rest_route=%2Fwp%2Fv2%2Fmedia&parent=320693"}],"wp:term":[{"taxonomy":"category","embeddable":true,"href":"https:\/\/archive.sana.sy\/tr\/index.php?rest_route=%2Fwp%2Fv2%2Fcategories&post=320693"},{"taxonomy":"post_tag","embeddable":true,"href":"https:\/\/archive.sana.sy\/tr\/index.php?rest_route=%2Fwp%2Fv2%2Ftags&post=320693"}],"curies":[{"name":"wp","href":"https:\/\/api.w.org\/{rel}","templated":true}]}}