{"id":320700,"date":"2025-05-06T12:00:39","date_gmt":"2025-05-06T09:00:39","guid":{"rendered":"https:\/\/sana.sy\/tr\/?p=320700"},"modified":"2025-05-06T17:20:50","modified_gmt":"2025-05-06T14:20:50","slug":"suriye-azerbaycan-gorusmeleri-egitim-alanindaki-is-birligini-guclendirecek","status":"publish","type":"post","link":"https:\/\/archive.sana.sy\/tr\/?p=320700","title":{"rendered":"E\u011fitim Alan\u0131ndaki \u0130\u015f Birli\u011fini G\u00fc\u00e7lendirmek \u0130\u00e7in Suriye-Azerbaycan G\u00f6r\u00fc\u015fmeleri Ger\u00e7ekle\u015fti"},"content":{"rendered":"<p style=\"text-align: justify;\"><strong><span style=\"color: #800000;\">\u015eAM (SANA)<\/span> \u2013<\/strong> Suriye E\u011fitim Bakan\u0131 Muhammed Abdurrahman Tarko, bug\u00fcn Azerbaycan Cumhuriyeti&#8217;nin \u015eam B\u00fcy\u00fckel\u00e7ili\u011fi Maslahatg\u00fczar\u0131 Alnur \u015eah H\u00fcseynov ile Suriye&#8217;deki e\u011fitim s\u00fcrecinin mevcut durumu ve \u00f6zellikle mesleki e\u011fitim alan\u0131ndaki i\u015f birli\u011fi f\u0131rsatlar\u0131 \u00fczerine g\u00f6r\u00fc\u015ft\u00fc.<\/p>\n<p style=\"text-align: justify;\">\u015eam\u2019daki Bakanl\u0131k binas\u0131nda ger\u00e7ekle\u015fen g\u00f6r\u00fc\u015fmede, mesleki e\u011fitimin g\u00fcncel durumu, gelece\u011fe y\u00f6nelik geli\u015ftirme planlar\u0131 ve \u00f6\u011frencilerin uzmanl\u0131k alanlar\u0131 ile becerilerine uygun \u015fekilde i\u015f g\u00fcc\u00fc piyasas\u0131yla etkili ba\u011flant\u0131lar kurulmas\u0131 gibi konular ele al\u0131nd\u0131.<\/p>\n<p style=\"text-align: justify;\">G\u00f6r\u00fc\u015fmede ayr\u0131ca, okullarda ihtiya\u00e7 duyulan ara\u00e7-gere\u00e7 ve ekipmanlar ba\u015fta olmak \u00fczere, mesleki e\u011fitimi destekleyecek gereksinimler ve Azerbaycan\u2019\u0131n bu alandaki tecr\u00fcbelerinden faydalanma imkanlar\u0131 de\u011ferlendirildi.<\/p>\n<p style=\"text-align: justify;\">Taraflar, mesleki e\u011fitimin yayg\u0131nla\u015ft\u0131r\u0131lmas\u0131 ve geli\u015ftirilmesinin, Suriye\u2019deki \u00f6\u011frenciler i\u00e7in daha parlak bir gelecek in\u015fa edilmesine katk\u0131 sa\u011flayaca\u011f\u0131na ve bu do\u011frultuda iki \u00fclke aras\u0131ndaki i\u015f birli\u011finin \u00f6nem ta\u015f\u0131d\u0131\u011f\u0131na vurgu yapt\u0131.<\/p>\n","protected":false},"excerpt":{"rendered":"<p>\u015eAM (SANA) \u2013 Suriye E\u011fitim Bakan\u0131 Muhammed Abdurrahman Tarko, bug\u00fcn Azerbaycan Cumhuriyeti&#8217;nin \u015eam B\u00fcy\u00fckel\u00e7ili\u011fi Maslahatg\u00fczar\u0131 Alnur \u015eah H\u00fcseynov ile Suriye&#8217;deki e\u011fitim s\u00fcrecinin mevcut durumu ve \u00f6zellikle mesleki e\u011fitim alan\u0131ndaki i\u015f birli\u011fi f\u0131rsatlar\u0131 \u00fczerine g\u00f6r\u00fc\u015ft\u00fc. \u015eam\u2019daki Bakanl\u0131k binas\u0131nda ger\u00e7ekle\u015fen g\u00f6r\u00fc\u015fmede, mesleki e\u011fitimin g\u00fcncel durumu, gelece\u011fe y\u00f6nelik geli\u015ftirme planlar\u0131 ve \u00f6\u011frencilerin uzmanl\u0131k alanlar\u0131 ile becerilerine uygun \u015fekilde &hellip;<\/p>\n","protected":false},"author":39,"featured_media":320701,"comment_status":"closed","ping_status":"closed","sticky":false,"template":"","format":"standard","meta":{"footnotes":""},"categories":[589,479,17988,478],"tags":[],"class_list":["post-320700","post","type-post","status-publish","format-standard","has-post-thumbnail","","category-haber-seridi","category-haberler-yerel","category-son-haberler","category-yerel"],"_links":{"self":[{"href":"https:\/\/archive.sana.sy\/tr\/index.php?rest_route=\/wp\/v2\/posts\/320700","targetHints":{"allow":["GET"]}}],"collection":[{"href":"https:\/\/archive.sana.sy\/tr\/index.php?rest_route=\/wp\/v2\/posts"}],"about":[{"href":"https:\/\/archive.sana.sy\/tr\/index.php?rest_route=\/wp\/v2\/types\/post"}],"author":[{"embeddable":true,"href":"https:\/\/archive.sana.sy\/tr\/index.php?rest_route=\/wp\/v2\/users\/39"}],"replies":[{"embeddable":true,"href":"https:\/\/archive.sana.sy\/tr\/index.php?rest_route=%2Fwp%2Fv2%2Fcomments&post=320700"}],"version-history":[{"count":4,"href":"https:\/\/archive.sana.sy\/tr\/index.php?rest_route=\/wp\/v2\/posts\/320700\/revisions"}],"predecessor-version":[{"id":320781,"href":"https:\/\/archive.sana.sy\/tr\/index.php?rest_route=\/wp\/v2\/posts\/320700\/revisions\/320781"}],"wp:featuredmedia":[{"embeddable":true,"href":"https:\/\/archive.sana.sy\/tr\/index.php?rest_route=\/wp\/v2\/media\/320701"}],"wp:attachment":[{"href":"https:\/\/archive.sana.sy\/tr\/index.php?rest_route=%2Fwp%2Fv2%2Fmedia&parent=320700"}],"wp:term":[{"taxonomy":"category","embeddable":true,"href":"https:\/\/archive.sana.sy\/tr\/index.php?rest_route=%2Fwp%2Fv2%2Fcategories&post=320700"},{"taxonomy":"post_tag","embeddable":true,"href":"https:\/\/archive.sana.sy\/tr\/index.php?rest_route=%2Fwp%2Fv2%2Ftags&post=320700"}],"curies":[{"name":"wp","href":"https:\/\/api.w.org\/{rel}","templated":true}]}}