{"id":320724,"date":"2025-05-06T14:00:09","date_gmt":"2025-05-06T11:00:09","guid":{"rendered":"https:\/\/sana.sy\/tr\/?p=320724"},"modified":"2025-05-06T17:15:13","modified_gmt":"2025-05-06T14:15:13","slug":"suriye-haber-kanali-el-ihbariye-yeni-gorsel-kimligiyle-resmi-yayinina-basladi","status":"publish","type":"post","link":"https:\/\/archive.sana.sy\/tr\/?p=320724","title":{"rendered":"Suriye Haber Kanal\u0131 (El \u0130hbariye) Yeni G\u00f6rsel Kimli\u011fiyle Resmi Yay\u0131n\u0131na Ba\u015flad\u0131"},"content":{"rendered":"<p style=\"text-align: justify;\"><span style=\"color: #800000;\"><strong>\u015eAM (SANA)<\/strong> <\/span>&#8211; Suriye Enformasyon Bakanl\u0131\u011f\u0131\u2019n\u0131n resmi medyay\u0131 yeniden canland\u0131rma ve etkinle\u015ftirme plan\u0131 \u00e7er\u00e7evesinde, Enformasyon Bakan\u0131 Dr. Hamza Mustafa ile \u00f6nceki bakan Muhammed El \u00d6mer&#8217;in kat\u0131l\u0131m\u0131yla Suriye Haber Kanal\u0131 (El \u0130hbariye) yeni g\u00f6rsel kimli\u011fiyle uydu \u00fczerinden ilk resmi yay\u0131n\u0131n\u0131 ger\u00e7ekle\u015ftirdi.<\/p>\n<p style=\"text-align: justify;\"><img loading=\"lazy\" decoding=\"async\" class=\"size-full wp-image-320732 alignright\" src=\"http:\/\/sana.sy\/tr\/wp-content\/uploads\/2025\/05\/11-3.jpg\" alt=\"\" width=\"300\" height=\"161\" \/> Enformasyon Bakan\u0131 Dr. Hamza Mustafa bu vesiylele (X) Platformu arac\u0131l\u0131\u011f\u0131y\u0131la \u015funlar\u0131 s\u00f6yledi: &#8221;Ba\u015fkentimiz \u015eam&#8217;dan yeni bir vizyonla yay\u0131na ba\u015flayan Suriye Haber Kanal\u0131&#8217;n\u0131n (El \u0130hbariye) yay\u0131n hayat\u0131na ba\u015flamas\u0131yla olduk\u00e7a duygusal anlar ya\u015fand\u0131. Tak\u0131m, aylar boyunca \u00e7e\u015fitli zorluk ve s\u0131k\u0131nt\u0131lar\u0131n \u00fcstesinden gelmek i\u00e7in b\u00fcy\u00fck \u00e7aba sarf etti. Yolun ba\u015f\u0131nday\u0131z ve El \u0130hbariye&#8217;nin, sadece devrik rejimin sundu\u011fu modelle ba\u011flar\u0131 koparmakla kalmay\u0131p, ayn\u0131 zamanda vatanda\u015fla g\u00fcveni yeniden tesis edebilecek bir yol \u00e7izen, sa\u011flam, rekabet\u00e7i temeller \u00fczerinde ulusal medyan\u0131n yeniden in\u015fas\u0131nda itici bir g\u00fc\u00e7 olmas\u0131n\u0131 umuyoruz.&#8221;<\/p>\n<p style=\"text-align: justify;\">Kanal\u0131n a\u00e7\u0131l\u0131\u015f\u0131ndan sonra yay\u0131mlanan programda konu\u015fan Bakan, ge\u00e7i\u015f s\u00fcreci ve siyasi s\u00fcre\u00e7 boyunca medya organlar\u0131na daha fazla \u00f6zg\u00fcrl\u00fck tan\u0131maya y\u00f6nelik a\u00e7\u0131k ve takdir dolu bir bak\u0131\u015f a\u00e7\u0131s\u0131yla hareket ettiklerini vurgulad\u0131 ve \u015eam\u2019\u0131n farkl\u0131 medya organlar\u0131n\u0131n merkezi haline gelmesini, \u00f6zel medya ile akredite yabanc\u0131 medya kurulu\u015flar\u0131na alan a\u00e7\u0131lmas\u0131n\u0131 ve \u00e7e\u015fitli yap\u0131m \u015firketlerine f\u0131rsat verilmesini i\u00e7eren, a\u015famal\u0131 ve stratejik bir medya plan\u0131n\u0131n y\u00fcr\u00fcrl\u00fckte oldu\u011funu ifade etti.<\/p>\n<p style=\"text-align: justify;\"><img loading=\"lazy\" decoding=\"async\" class=\"size-full wp-image-320734 alignright\" src=\"http:\/\/sana.sy\/tr\/wp-content\/uploads\/2025\/05\/222-1.jpg\" alt=\"\" width=\"300\" height=\"169\" \/>Bakan Mustafa ayr\u0131ca, &#8220;Ulusal olsun ya da \u00f6zel, medya organlar\u0131n\u0131n ge\u00e7i\u015f s\u00fcrecini desteklemesi, ya\u015fanan zorluklarla m\u00fccadelede ortak bir zeminde bulu\u015fmas\u0131, nefret ve k\u0131\u015fk\u0131rt\u0131c\u0131 s\u00f6ylemlere kar\u015f\u0131 durmas\u0131, vatanda\u015fl\u0131k s\u00f6ylemini g\u00fc\u00e7lendirmesi ve toplumla k\u00f6pr\u00fcler kurmas\u0131 gerekiyor&#8221; dedi. Medyan\u0131n ger\u00e7ekli\u011fi yans\u0131tma, \u00f6zg\u00fcrl\u00fck alanlar\u0131n\u0131 art\u0131rma ve beklentileri y\u00f6netmede pozitif bir rol oynamas\u0131 gerekti\u011fini de s\u00f6zlerine ekledi.<\/p>\n<p style=\"text-align: justify;\">Resmi haber ajans\u0131 SANA\u2019n\u0131n etkinle\u015ftirilmesine y\u00f6nelik bir y\u00f6nelimin bulundu\u011funu belirten Enformasyon Bakan\u0131, Bu \u00e7aban\u0131n, vatanda\u015flara bilgi aktar\u0131m\u0131nda ger\u00e7ek hizmetler sunmak ve ajans\u0131 g\u00fcvenilir bir kaynak haline getirmek amac\u0131yla y\u00fcr\u00fct\u00fcld\u00fc\u011f\u00fcn\u00fc ifade etti ve gazeteler ve radyolar gibi \u00e7e\u015fitli medya organlar\u0131n\u0131n da hayata ge\u00e7irilmesinin planland\u0131\u011f\u0131n\u0131 kaydetti.<\/p>\n<p style=\"text-align: justify;\">Bakan Mustaf, ayn\u0131 zamanda medyada dijital d\u00f6n\u00fc\u015f\u00fcm\u00fcn \u00f6nemine dikkat \u00e7ekerken,\u00a0 bu d\u00f6n\u00fc\u015f\u00fcm\u00fcn ba\u015far\u0131l\u0131 olabilmesi i\u00e7in, geleneksel yollarla \u00fcretilen i\u00e7erikle dijital sunum aras\u0131nda bir uyum sa\u011flanmas\u0131 gerekti\u011fini vurgulad\u0131.<\/p>\n<p style=\"text-align: justify;\"><img loading=\"lazy\" decoding=\"async\" class=\"size-full wp-image-320735 alignright\" src=\"http:\/\/sana.sy\/tr\/wp-content\/uploads\/2025\/05\/3333-1.jpg\" alt=\"\" width=\"300\" height=\"169\" \/>Bakan\u0131 a\u00e7\u0131klamas\u0131nda da, \u00f6zellikle eski rejimin halk\u0131na kar\u015f\u0131 ba\u015flatt\u0131\u011f\u0131 sava\u015ftan sonra, medyan\u0131n toplumla k\u00f6pr\u00fcler kurmadaki rol\u00fcn\u00fcn b\u00fcy\u00fck \u00f6nem ta\u015f\u0131d\u0131\u011f\u0131n\u0131 vurgulayarak,\u00a0 ulusal medyada d\u00fcnya genelindeki Suriyeli topluluklar\u0131n sesinin de duyulmas\u0131 gerekti\u011fini kaydetti.<\/p>\n<p style=\"text-align: justify;\">H\u00fck\u00fcmetin e\u015fit hak ve sorumluluklara dayanan vatanda\u015fl\u0131k temelli bir anlat\u0131y\u0131 benimsedi\u011fini ve t\u00fcm kesimleri s\u00fcrece etkin bi\u00e7imde dahil olmaya \u00e7a\u011f\u0131rd\u0131\u011f\u0131n\u0131 belirtirken Bakan Mustafa, \u00a0d\u0131\u015f m\u00fcdahaleleri engellemeye, Suriyeli toplumun en geni\u015f kesimini siyasi s\u00fcrece dahil etmeye ve ge\u00e7i\u015f s\u00fcreci sonras\u0131 \u00e7e\u015fitli temsiliyet yollar\u0131yla seslerini duyurabilmelerini sa\u011flamaya y\u00f6nelik, etkile\u015fimli bir ileti\u015fim stratejisi benimsendi\u011fine i\u015faret etti.<\/p>\n<div id='gallery-1' class='gallery galleryid-320724 gallery-columns-2 gallery-size-full'><figure class='gallery-item'>\n\t\t\t<div class='gallery-icon landscape'>\n\t\t\t\t<a href='https:\/\/archive.sana.sy\/tr\/wp-content\/uploads\/2025\/05\/photo_2_2025-05-05_22-47-36.jpg'><img loading=\"lazy\" decoding=\"async\" width=\"660\" height=\"357\" src=\"https:\/\/archive.sana.sy\/tr\/wp-content\/uploads\/2025\/05\/photo_2_2025-05-05_22-47-36.jpg\" class=\"attachment-full size-full\" alt=\"\" srcset=\"https:\/\/archive.sana.sy\/tr\/wp-content\/uploads\/2025\/05\/photo_2_2025-05-05_22-47-36.jpg 660w, https:\/\/archive.sana.sy\/tr\/wp-content\/uploads\/2025\/05\/photo_2_2025-05-05_22-47-36-300x162.jpg 300w\" sizes=\"auto, (max-width: 660px) 100vw, 660px\" \/><\/a>\n\t\t\t<\/div><\/figure><figure class='gallery-item'>\n\t\t\t<div class='gallery-icon landscape'>\n\t\t\t\t<a href='https:\/\/archive.sana.sy\/tr\/wp-content\/uploads\/2025\/05\/photo_5_2025-05-05_22-47-36.jpg'><img loading=\"lazy\" decoding=\"async\" width=\"660\" height=\"371\" src=\"https:\/\/archive.sana.sy\/tr\/wp-content\/uploads\/2025\/05\/photo_5_2025-05-05_22-47-36.jpg\" class=\"attachment-full size-full\" alt=\"\" srcset=\"https:\/\/archive.sana.sy\/tr\/wp-content\/uploads\/2025\/05\/photo_5_2025-05-05_22-47-36.jpg 660w, https:\/\/archive.sana.sy\/tr\/wp-content\/uploads\/2025\/05\/photo_5_2025-05-05_22-47-36-300x169.jpg 300w\" sizes=\"auto, (max-width: 660px) 100vw, 660px\" \/><\/a>\n\t\t\t<\/div><\/figure>\n\t\t<\/div>\n\n","protected":false},"excerpt":{"rendered":"<p>\u015eAM (SANA) &#8211; Suriye Enformasyon Bakanl\u0131\u011f\u0131\u2019n\u0131n resmi medyay\u0131 yeniden canland\u0131rma ve etkinle\u015ftirme plan\u0131 \u00e7er\u00e7evesinde, Enformasyon Bakan\u0131 Dr. Hamza Mustafa ile \u00f6nceki bakan Muhammed El \u00d6mer&#8217;in kat\u0131l\u0131m\u0131yla Suriye Haber Kanal\u0131 (El \u0130hbariye) yeni g\u00f6rsel kimli\u011fiyle uydu \u00fczerinden ilk resmi yay\u0131n\u0131n\u0131 ger\u00e7ekle\u015ftirdi. Enformasyon Bakan\u0131 Dr. Hamza Mustafa bu vesiylele (X) Platformu arac\u0131l\u0131\u011f\u0131y\u0131la \u015funlar\u0131 s\u00f6yledi: &#8221;Ba\u015fkentimiz \u015eam&#8217;dan yeni &hellip;<\/p>\n","protected":false},"author":39,"featured_media":320725,"comment_status":"closed","ping_status":"closed","sticky":false,"template":"","format":"standard","meta":{"footnotes":""},"categories":[589,479,17988,478],"tags":[],"class_list":["post-320724","post","type-post","status-publish","format-standard","has-post-thumbnail","","category-haber-seridi","category-haberler-yerel","category-son-haberler","category-yerel"],"_links":{"self":[{"href":"https:\/\/archive.sana.sy\/tr\/index.php?rest_route=\/wp\/v2\/posts\/320724","targetHints":{"allow":["GET"]}}],"collection":[{"href":"https:\/\/archive.sana.sy\/tr\/index.php?rest_route=\/wp\/v2\/posts"}],"about":[{"href":"https:\/\/archive.sana.sy\/tr\/index.php?rest_route=\/wp\/v2\/types\/post"}],"author":[{"embeddable":true,"href":"https:\/\/archive.sana.sy\/tr\/index.php?rest_route=\/wp\/v2\/users\/39"}],"replies":[{"embeddable":true,"href":"https:\/\/archive.sana.sy\/tr\/index.php?rest_route=%2Fwp%2Fv2%2Fcomments&post=320724"}],"version-history":[{"count":2,"href":"https:\/\/archive.sana.sy\/tr\/index.php?rest_route=\/wp\/v2\/posts\/320724\/revisions"}],"predecessor-version":[{"id":320777,"href":"https:\/\/archive.sana.sy\/tr\/index.php?rest_route=\/wp\/v2\/posts\/320724\/revisions\/320777"}],"wp:featuredmedia":[{"embeddable":true,"href":"https:\/\/archive.sana.sy\/tr\/index.php?rest_route=\/wp\/v2\/media\/320725"}],"wp:attachment":[{"href":"https:\/\/archive.sana.sy\/tr\/index.php?rest_route=%2Fwp%2Fv2%2Fmedia&parent=320724"}],"wp:term":[{"taxonomy":"category","embeddable":true,"href":"https:\/\/archive.sana.sy\/tr\/index.php?rest_route=%2Fwp%2Fv2%2Fcategories&post=320724"},{"taxonomy":"post_tag","embeddable":true,"href":"https:\/\/archive.sana.sy\/tr\/index.php?rest_route=%2Fwp%2Fv2%2Ftags&post=320724"}],"curies":[{"name":"wp","href":"https:\/\/api.w.org\/{rel}","templated":true}]}}