{"id":32073,"date":"2015-05-04T16:59:54","date_gmt":"2015-05-04T13:59:54","guid":{"rendered":"http:\/\/sana.sy\/tr\/?p=32073"},"modified":"2015-05-04T16:59:54","modified_gmt":"2015-05-04T13:59:54","slug":"idlib-ve-cisressugurdaki-katliamlar-teror-destekcilerinin-gercegine-bir-kanittir","status":"publish","type":"post","link":"https:\/\/archive.sana.sy\/tr\/?p=32073","title":{"rendered":"\u0130dlib ve Cisre\u015f\u015fu\u011fur\u2019daki Katliamlar Ter\u00f6r Destek\u00e7ilerinin Ger\u00e7e\u011fine Bir Kan\u0131tt\u0131r"},"content":{"rendered":"<p>NEW JERSEY \u2013 Suriye&#8217;nin Birle\u015fmi\u015f Milletlerdeki daimi temsilcisi Be\u015f\u015far el Caferi; ter\u00f6r, radikallik ve tekfircili\u011fe kar\u015f\u0131 sava\u015fta Suriye&#8217;nin \u00f6n cepheyi olu\u015fturdu\u011funu belirtti.<\/p>\n<p>Suriye Amerika Forumunun bug\u00fcn New Jersey eyaletinde d\u00fczenledi\u011fi panelde konu\u015fan Caferi; ter\u00f6rle m\u00fccadelede Suriyelilerin ne G\u00fcvenlik Konseyi ne de BM\u2019ye bel ba\u011flamamalar\u0131 gerekti\u011fini, vatanlar\u0131n\u0131 savunma ve desteklemede sadece kendilerine dayanmalar\u0131n\u0131n gerekti\u011fini vurgulad\u0131.<\/p>\n<p>Antakya ve T\u00fcm Do\u011fu S\u00fcryani Ortodokslar Patri\u011fi Mar Ignatios II. Afram Kerim\u2019in de kat\u0131ld\u0131\u011f\u0131 panelde Caferi; G\u00fcvenlik Konseyi ve \u00fcyelerinin Suriye konusundaki tutumlar\u0131n\u0131 de\u011fi\u015ftirme ihtimalleri konusunda SANA ajans\u0131n\u0131n bir sorusunu yan\u0131tlad\u0131. Caferi yan\u0131t\u0131nda G\u00fcvenlik Konseyinin g\u00fc\u00e7 dengesinden ibaret oldu\u011funu, lakin \u00e7ifte standartl\u0131 tutumlara ve politikalara dayal\u0131 oldu\u011funu s\u00f6yledi.<\/p>\n<p>Ter\u00f6rle m\u00fccadele ve ter\u00f6r\u00fc destekleyenlerden hesap sorulmas\u0131na ili\u015fkin zorunlu kararlar\u0131n BM\u2019ye tabi t\u00fcm \u00f6rg\u00fct ve kurumlar taraf\u0131ndan ikrar edildi\u011fine dikkat \u00e7eken Caferi; fakat G\u00fcvenlik Konseyinde Suriye&#8217;de ter\u00f6r\u00fc destekleyen ve riayet eden \u00fcyelerin bulunmas\u0131 nedeniyle Konseyin bu konuda ba\u015far\u0131s\u0131z kald\u0131\u011f\u0131n\u0131 belirtti.<\/p>\n<p>Caferi Bat\u0131l\u0131 ve Arap kimi yetkililer ve medya ara\u00e7lar\u0131n\u0131n Suriye&#8217;ye ili\u015fkin as\u0131ls\u0131z yalan ve spek\u00fclasyonlar y\u00fcr\u00fctt\u00fcklerine dikkat \u00e7ekerken; d\u00f6rt y\u0131ldan fazla bir s\u00fcredir Suriye&#8217;nin muhtelif y\u00f6nl\u00fc sava\u015fta ba\u015far\u0131l\u0131 bir m\u00fccadele verdi\u011fini, bu m\u00fccadelesini de s\u00fcrd\u00fcrece\u011finin alt\u0131n\u0131 \u00e7izdi.<\/p>\n<p>D\u00fcnya halklar\u0131n\u0131n bir\u00e7o\u011funun Suriye&#8217;ye y\u00f6nelik sava\u015f\u0131n ger\u00e7e\u011fini idrak etti\u011fine dikkat \u00e7eken Caferi; bu halklar\u0131n anayasa ve kanunlar\u0131n belirledi\u011fi haklar\u0131 \u00e7er\u00e7evesinde g\u00f6r\u00fc\u015f ve d\u00fc\u015f\u00fcncelerini y\u00f6neticilerine ta\u015f\u0131malar\u0131 gerekti\u011fini ifade etti.<\/p>\n<p>Suriyeliler aras\u0131nda Moskova&#8217;da yap\u0131lan isti\u015fare g\u00f6r\u00fc\u015fmelerinin ikinci turu konusunda ise Caferi; bu turda taraflar aras\u0131nda ortak bir \u00e7al\u0131\u015fma belgesi \u00fczerine anla\u015fma sa\u011flanmas\u0131yla benzeri g\u00f6r\u00fclmemi\u015f bir ba\u015far\u0131 kaydetti\u011fini ifade etti. Fakat kimi taraflar\u0131n bu ba\u015far\u0131dan rahats\u0131z olduklar\u0131n\u0131 belirten Caferi; s\u0131f\u0131r noktas\u0131na d\u00f6nmek i\u00e7in ellerinden gelen her gayereti g\u00f6sterdiklerini belirtti.<\/p>\n<p>Caferi s\u00f6z konusu bu taraflar\u0131n Suriye&#8217;de siyasi \u00e7\u00f6z\u00fcm\u00fc istemediklerini ve bu y\u00f6ndeki t\u00fcm \u00e7abalar\u0131 baltalamak i\u00e7in her gayreti g\u00f6sterdiklerine bir kan\u0131t olarak \u0130dlib ve Cisre\u015f\u015fu\u011fur Kasabas\u0131ndaki ter\u00f6r katliamlar\u0131n\u0131 kan\u0131t g\u00f6sterdi.<\/p>\n<p>Panelde konu\u015fan Patrik II. Afram; Suriye halk\u0131n\u0131n maruz kald\u0131\u011f\u0131 ter\u00f6r sald\u0131r\u0131lar\u0131 ve kaliamlar\u0131n ger\u00e7e\u011fine \u0131\u015f\u0131k tutmada muhtelif devletlerde ya\u015fayan Suriyelilere d\u00fc\u015fen misyonun \u00f6nemine dikkat \u00e7ekti.<\/p>\n<p>Patrik II. Afram Suriyelileri ulusal birlik beraberliklerine s\u0131ms\u0131k\u0131 tutunmalar\u0131na davet ederken; Suriye&#8217;nin birlik ve beraberli\u011fi ile g\u00fc\u00e7l\u00fc olaca\u011f\u0131n\u0131n alt\u0131n\u0131 \u00e7izdi.<\/p>\n<p>T\u00fcrkiye&#8217;deki rejimin Suriye halk\u0131na kar\u015f\u0131 kin ve nefretini kusmaya devam etmesine \u0131\u015f\u0131k tutan Patrik II. Afram; ter\u00f6ristlere deste\u011fini ele\u015ftirdi.<\/p>\n<p>Suriye Amerika Forumu Temsilcisi Gayyas Musa ise konu\u015fmas\u0131nda; panelin vatan ve ordusu ile dayan\u0131\u015fma ba\u011flam\u0131nda d\u00fczenledi\u011fini belirtirken; krizden kurtulmak i\u00e7in birlik beraberli\u011fin \u00f6nemine vurgu yapt\u0131.<\/p>\n<p>A.A. &#8211; M.M.<\/p>\n","protected":false},"excerpt":{"rendered":"<p>NEW JERSEY \u2013 Suriye&#8217;nin Birle\u015fmi\u015f Milletlerdeki daimi temsilcisi Be\u015f\u015far el Caferi; ter\u00f6r, radikallik ve tekfircili\u011fe kar\u015f\u0131 sava\u015fta Suriye&#8217;nin \u00f6n cepheyi olu\u015fturdu\u011funu belirtti. Suriye Amerika Forumunun bug\u00fcn New Jersey eyaletinde d\u00fczenledi\u011fi panelde konu\u015fan Caferi; ter\u00f6rle m\u00fccadelede Suriyelilerin ne G\u00fcvenlik Konseyi ne de BM\u2019ye bel ba\u011flamamalar\u0131 gerekti\u011fini, vatanlar\u0131n\u0131 savunma ve desteklemede sadece kendilerine dayanmalar\u0131n\u0131n gerekti\u011fini vurgulad\u0131. Antakya &hellip;<\/p>\n","protected":false},"author":1,"featured_media":32074,"comment_status":"closed","ping_status":"closed","sticky":false,"template":"","format":"standard","meta":{"footnotes":""},"categories":[458,459,447,2554,2555],"tags":[14279,14280,14281],"class_list":["post-32073","post","type-post","status-publish","format-standard","has-post-thumbnail","","category-dunya1","category-haberler-arap-uluslararasi-politika","category-politika","category-suriye-ve-dunya","category-suriye-ve-turkiye","tag-idlib-ve-cisressugurdaki-katliamlar-teror-destekcilerinin-gercegine-bir-kanittir","tag-new-jersey-suriyenin-birlesmis-milletlerdeki-daimi-temsilcisi-bessar-el-caferi-teror","tag-radikallik-ve-tekfircilige-karsi-savasta-suriyenin-on-cepheyi-olusturdugunu-belirtti"],"_links":{"self":[{"href":"https:\/\/archive.sana.sy\/tr\/index.php?rest_route=\/wp\/v2\/posts\/32073","targetHints":{"allow":["GET"]}}],"collection":[{"href":"https:\/\/archive.sana.sy\/tr\/index.php?rest_route=\/wp\/v2\/posts"}],"about":[{"href":"https:\/\/archive.sana.sy\/tr\/index.php?rest_route=\/wp\/v2\/types\/post"}],"author":[{"embeddable":true,"href":"https:\/\/archive.sana.sy\/tr\/index.php?rest_route=\/wp\/v2\/users\/1"}],"replies":[{"embeddable":true,"href":"https:\/\/archive.sana.sy\/tr\/index.php?rest_route=%2Fwp%2Fv2%2Fcomments&post=32073"}],"version-history":[{"count":0,"href":"https:\/\/archive.sana.sy\/tr\/index.php?rest_route=\/wp\/v2\/posts\/32073\/revisions"}],"wp:featuredmedia":[{"embeddable":true,"href":"https:\/\/archive.sana.sy\/tr\/index.php?rest_route=\/wp\/v2\/media\/32074"}],"wp:attachment":[{"href":"https:\/\/archive.sana.sy\/tr\/index.php?rest_route=%2Fwp%2Fv2%2Fmedia&parent=32073"}],"wp:term":[{"taxonomy":"category","embeddable":true,"href":"https:\/\/archive.sana.sy\/tr\/index.php?rest_route=%2Fwp%2Fv2%2Fcategories&post=32073"},{"taxonomy":"post_tag","embeddable":true,"href":"https:\/\/archive.sana.sy\/tr\/index.php?rest_route=%2Fwp%2Fv2%2Ftags&post=32073"}],"curies":[{"name":"wp","href":"https:\/\/api.w.org\/{rel}","templated":true}]}}