{"id":320739,"date":"2025-05-06T14:07:53","date_gmt":"2025-05-06T11:07:53","guid":{"rendered":"https:\/\/sana.sy\/tr\/?p=320739"},"modified":"2025-05-06T17:22:38","modified_gmt":"2025-05-06T14:22:38","slug":"bakan-abdurrzzak-insani-yardim-kuruluslari-heyetiyle-ortak-isbirligi-olanaklarini-gorustu","status":"publish","type":"post","link":"https:\/\/archive.sana.sy\/tr\/?p=320739","title":{"rendered":"Bay\u0131nd\u0131rl\u0131k ve \u0130skan Bakan\u0131, \u0130nsani Yard\u0131m Kurulu\u015flar\u0131 Heyetiyle Ortak \u0130\u015fbirli\u011fi Olanaklar\u0131n\u0131 G\u00f6r\u00fc\u015ft\u00fc"},"content":{"rendered":"<p style=\"text-align: justify;\"><strong><span style=\"color: #800000;\">\u015eAM (SANA)<\/span> &#8211; <\/strong>Bay\u0131nd\u0131rl\u0131k ve \u0130skan Bakan\u0131 Mustafa Abdurrzzak, Suriye\u2019de faaliyet g\u00f6steren insani yard\u0131m kurulu\u015flar\u0131ndan olu\u015fan bir heyetle ortak i\u015fbirli\u011fi olanaklar\u0131n\u0131 g\u00f6r\u00fc\u015ft\u00fc.<\/p>\n<p style=\"text-align: justify;\"><img loading=\"lazy\" decoding=\"async\" class=\"size-full wp-image-320743 alignright\" src=\"http:\/\/sana.sy\/tr\/wp-content\/uploads\/2025\/05\/0000.jpg\" alt=\"\" width=\"300\" height=\"182\" \/>\u015eam\u2019daki bakanl\u0131k binas\u0131nda ger\u00e7ekle\u015fen toplant\u0131da Bakan Abdurrzzak, kooperatif konut dernekleri ile Genel Konut Kurumu\u2019nun \u00e7al\u0131\u015fmalar\u0131n\u0131n planlanmas\u0131 ve denetlenmesi, yol ve k\u00f6pr\u00fc projelerinin uygulanmas\u0131, sosyal konut projeleri, m\u00fchendislik et\u00fctleri ve b\u00f6lgesel planlamalar\u0131n bakanl\u0131\u011fa ba\u011fl\u0131 in\u015faat \u015firketleri ve kurumlar\u0131 arac\u0131l\u0131\u011f\u0131yla y\u00fcr\u00fct\u00fcld\u00fc\u011f\u00fcn\u00fc ifade etti.<\/p>\n<p style=\"text-align: justify;\">\u0130nsani yard\u0131m kurulu\u015flar\u0131 heyeti ba\u015fkan\u0131 Yarub Asfari ise bakanl\u0131k ile i\u015fbirli\u011fi ve koordinasyon mekanizmalar\u0131n\u0131n olu\u015fturulmas\u0131n\u0131n \u00f6nemine dikkat \u00e7ekerek, g\u00f6rev alanlar\u0131 do\u011frultusunda i\u015fbirli\u011fi yapmaya istekli ve haz\u0131r olduklar\u0131n\u0131 belirtti.<\/p>\n","protected":false},"excerpt":{"rendered":"<p>\u015eAM (SANA) &#8211; Bay\u0131nd\u0131rl\u0131k ve \u0130skan Bakan\u0131 Mustafa Abdurrzzak, Suriye\u2019de faaliyet g\u00f6steren insani yard\u0131m kurulu\u015flar\u0131ndan olu\u015fan bir heyetle ortak i\u015fbirli\u011fi olanaklar\u0131n\u0131 g\u00f6r\u00fc\u015ft\u00fc. \u015eam\u2019daki bakanl\u0131k binas\u0131nda ger\u00e7ekle\u015fen toplant\u0131da Bakan Abdurrzzak, kooperatif konut dernekleri ile Genel Konut Kurumu\u2019nun \u00e7al\u0131\u015fmalar\u0131n\u0131n planlanmas\u0131 ve denetlenmesi, yol ve k\u00f6pr\u00fc projelerinin uygulanmas\u0131, sosyal konut projeleri, m\u00fchendislik et\u00fctleri ve b\u00f6lgesel planlamalar\u0131n bakanl\u0131\u011fa ba\u011fl\u0131 &hellip;<\/p>\n","protected":false},"author":39,"featured_media":320740,"comment_status":"closed","ping_status":"closed","sticky":false,"template":"","format":"standard","meta":{"footnotes":""},"categories":[589,479,17988,478],"tags":[],"class_list":["post-320739","post","type-post","status-publish","format-standard","has-post-thumbnail","","category-haber-seridi","category-haberler-yerel","category-son-haberler","category-yerel"],"_links":{"self":[{"href":"https:\/\/archive.sana.sy\/tr\/index.php?rest_route=\/wp\/v2\/posts\/320739","targetHints":{"allow":["GET"]}}],"collection":[{"href":"https:\/\/archive.sana.sy\/tr\/index.php?rest_route=\/wp\/v2\/posts"}],"about":[{"href":"https:\/\/archive.sana.sy\/tr\/index.php?rest_route=\/wp\/v2\/types\/post"}],"author":[{"embeddable":true,"href":"https:\/\/archive.sana.sy\/tr\/index.php?rest_route=\/wp\/v2\/users\/39"}],"replies":[{"embeddable":true,"href":"https:\/\/archive.sana.sy\/tr\/index.php?rest_route=%2Fwp%2Fv2%2Fcomments&post=320739"}],"version-history":[{"count":8,"href":"https:\/\/archive.sana.sy\/tr\/index.php?rest_route=\/wp\/v2\/posts\/320739\/revisions"}],"predecessor-version":[{"id":320782,"href":"https:\/\/archive.sana.sy\/tr\/index.php?rest_route=\/wp\/v2\/posts\/320739\/revisions\/320782"}],"wp:featuredmedia":[{"embeddable":true,"href":"https:\/\/archive.sana.sy\/tr\/index.php?rest_route=\/wp\/v2\/media\/320740"}],"wp:attachment":[{"href":"https:\/\/archive.sana.sy\/tr\/index.php?rest_route=%2Fwp%2Fv2%2Fmedia&parent=320739"}],"wp:term":[{"taxonomy":"category","embeddable":true,"href":"https:\/\/archive.sana.sy\/tr\/index.php?rest_route=%2Fwp%2Fv2%2Fcategories&post=320739"},{"taxonomy":"post_tag","embeddable":true,"href":"https:\/\/archive.sana.sy\/tr\/index.php?rest_route=%2Fwp%2Fv2%2Ftags&post=320739"}],"curies":[{"name":"wp","href":"https:\/\/api.w.org\/{rel}","templated":true}]}}