{"id":320747,"date":"2025-05-06T15:48:08","date_gmt":"2025-05-06T12:48:08","guid":{"rendered":"https:\/\/sana.sy\/tr\/?p=320747"},"modified":"2025-05-06T19:14:29","modified_gmt":"2025-05-06T16:14:29","slug":"tartus-kamu-guvenlik-mudurlugu-suclu-albay-selim-iskender-tarrafi-tutukladi","status":"publish","type":"post","link":"https:\/\/archive.sana.sy\/tr\/?p=320747","title":{"rendered":"Tartus Kamu G\u00fcvenlik M\u00fcd\u00fcrl\u00fc\u011f\u00fc, Su\u00e7lu Albay Selim \u0130skender Tarraf&#8217;\u0131 Tutuklad\u0131"},"content":{"rendered":"<p style=\"text-align: justify;\"><span style=\"color: #800000;\"><strong>TARTUS (SANA)-<\/strong><\/span> Tartus Kamu G\u00fcvenik M\u00fcd\u00fcrl\u00fc\u011f\u00fc, dikkatli bir takip operasyon sonras\u0131nda su\u00e7lu Albay Selim \u0130skender Tarraf&#8217;\u0131 tutuklamay\u0131 ba\u015fard\u0131.<\/p>\n<p style=\"text-align: justify;\">\u0130\u00e7i\u015fleri Bakanl\u0131\u011f\u0131 Telegram kanal\u0131 \u00fczerinden \u015fu a\u00e7\u0131klamay\u0131 yapt\u0131: &#8221;Su\u00e7lu Tarraf, bir\u00e7ok \u00fcst d\u00fczey y\u00f6neticilik g\u00f6revinde bulunmu\u015f, en dikkat \u00e7ekenleri Halep&#8217;teki Cumhuriyet Muhaf\u0131zlar\u0131&#8217;na ba\u011fl\u0131 123. Tugay komutanl\u0131\u011f\u0131 ve ondan \u00f6nce Deyrizor&#8217;daki Cumhuriyet Muhaf\u0131zlar\u0131 komutanl\u0131\u011f\u0131yd\u0131.&#8217; Ad\u0131, su\u00e7lu Issam Zahreddine&#8217;in yan\u0131 s\u0131ra \u00e7ok say\u0131da ihlal ve su\u00e7la an\u0131l\u0131yor.&#8221;<\/p>\n<p style=\"text-align: justify;\">Bakanl\u0131k, Dera \u0130li&#8217;ne ba\u011fl\u0131 El Sanamayn kentinde Devlet G\u00fcvenlik \u015eubesi Ba\u015fkan\u0131 olarak g\u00f6rev yapt\u0131\u011f\u0131 d\u00f6nemde, L\u00fcbnan Hizbullah\u0131 militanlar\u0131n\u0131n b\u00f6lgeye giri\u015fini kolayla\u015ft\u0131rmada da g\u00f6rev ald\u0131\u011f\u0131n\u0131 kaydetti.<\/p>\n<p style=\"text-align: justify;\">Bakanl\u0131k ayr\u0131ca, s\u00f6z konusu ki\u015finin, ge\u00e7en mart ay\u0131nda ger\u00e7ekle\u015fen sald\u0131r\u0131da rol\u00fc oldu\u011fu kan\u0131tlanan devrik rejim art\u0131klar\u0131yla ba\u011flant\u0131l\u0131 bir grubu \u00f6rg\u00fcte kazand\u0131rmak ve y\u00f6netmek i\u00e7in \u00e7al\u0131\u015ft\u0131\u011f\u0131n\u0131 kaydetti.<\/p>\n<p style=\"text-align: justify;\">Bakanl\u0131k a\u00e7\u0131klamas\u0131nda da, su\u00e7lu Tarraf&#8217;\u0131n, hakk\u0131nda gerekli yasal i\u015flemlerin yap\u0131lmas\u0131 i\u00e7in yetkili adli makamlara sevk edilmesi amac\u0131yla Cumhuriyet Savc\u0131l\u0131\u011f\u0131na sevk edildi\u011fini bildirdi.<\/p>\n","protected":false},"excerpt":{"rendered":"<p>TARTUS (SANA)- Tartus Kamu G\u00fcvenik M\u00fcd\u00fcrl\u00fc\u011f\u00fc, dikkatli bir takip operasyon sonras\u0131nda su\u00e7lu Albay Selim \u0130skender Tarraf&#8217;\u0131 tutuklamay\u0131 ba\u015fard\u0131. \u0130\u00e7i\u015fleri Bakanl\u0131\u011f\u0131 Telegram kanal\u0131 \u00fczerinden \u015fu a\u00e7\u0131klamay\u0131 yapt\u0131: &#8221;Su\u00e7lu Tarraf, bir\u00e7ok \u00fcst d\u00fczey y\u00f6neticilik g\u00f6revinde bulunmu\u015f, en dikkat \u00e7ekenleri Halep&#8217;teki Cumhuriyet Muhaf\u0131zlar\u0131&#8217;na ba\u011fl\u0131 123. Tugay komutanl\u0131\u011f\u0131 ve ondan \u00f6nce Deyrizor&#8217;daki Cumhuriyet Muhaf\u0131zlar\u0131 komutanl\u0131\u011f\u0131yd\u0131.&#8217; Ad\u0131, su\u00e7lu Issam Zahreddine&#8217;in &hellip;<\/p>\n","protected":false},"author":41,"featured_media":320748,"comment_status":"closed","ping_status":"closed","sticky":false,"template":"","format":"standard","meta":{"footnotes":""},"categories":[589,479,17988,478],"tags":[],"class_list":["post-320747","post","type-post","status-publish","format-standard","has-post-thumbnail","","category-haber-seridi","category-haberler-yerel","category-son-haberler","category-yerel"],"_links":{"self":[{"href":"https:\/\/archive.sana.sy\/tr\/index.php?rest_route=\/wp\/v2\/posts\/320747","targetHints":{"allow":["GET"]}}],"collection":[{"href":"https:\/\/archive.sana.sy\/tr\/index.php?rest_route=\/wp\/v2\/posts"}],"about":[{"href":"https:\/\/archive.sana.sy\/tr\/index.php?rest_route=\/wp\/v2\/types\/post"}],"author":[{"embeddable":true,"href":"https:\/\/archive.sana.sy\/tr\/index.php?rest_route=\/wp\/v2\/users\/41"}],"replies":[{"embeddable":true,"href":"https:\/\/archive.sana.sy\/tr\/index.php?rest_route=%2Fwp%2Fv2%2Fcomments&post=320747"}],"version-history":[{"count":1,"href":"https:\/\/archive.sana.sy\/tr\/index.php?rest_route=\/wp\/v2\/posts\/320747\/revisions"}],"predecessor-version":[{"id":320749,"href":"https:\/\/archive.sana.sy\/tr\/index.php?rest_route=\/wp\/v2\/posts\/320747\/revisions\/320749"}],"wp:featuredmedia":[{"embeddable":true,"href":"https:\/\/archive.sana.sy\/tr\/index.php?rest_route=\/wp\/v2\/media\/320748"}],"wp:attachment":[{"href":"https:\/\/archive.sana.sy\/tr\/index.php?rest_route=%2Fwp%2Fv2%2Fmedia&parent=320747"}],"wp:term":[{"taxonomy":"category","embeddable":true,"href":"https:\/\/archive.sana.sy\/tr\/index.php?rest_route=%2Fwp%2Fv2%2Fcategories&post=320747"},{"taxonomy":"post_tag","embeddable":true,"href":"https:\/\/archive.sana.sy\/tr\/index.php?rest_route=%2Fwp%2Fv2%2Ftags&post=320747"}],"curies":[{"name":"wp","href":"https:\/\/api.w.org\/{rel}","templated":true}]}}