{"id":320750,"date":"2025-05-06T16:21:44","date_gmt":"2025-05-06T13:21:44","guid":{"rendered":"https:\/\/sana.sy\/tr\/?p=320750"},"modified":"2025-05-07T15:23:35","modified_gmt":"2025-05-07T12:23:35","slug":"cumhurbaskani-el-sara-ekonomi-ve-sanayi-bakani-ile-bir-araya-geldi","status":"publish","type":"post","link":"https:\/\/archive.sana.sy\/tr\/?p=320750","title":{"rendered":"Cumhurba\u015fkan\u0131 El \u015eara, Ekonomi Ve Sanayi Bakan\u0131 \u0130le Bir Araya Geldi"},"content":{"rendered":"<p style=\"text-align: justify;\"><span style=\"color: #800000;\"><strong>\u015eAM (SANA)<\/strong> <\/span>&#8211; Cumhurba\u015fkan\u0131 Say\u0131n Ahmed El \u015eara, Ekonomi Ve Sanayi Bakan\u0131 Muhammed Nidal El \u015eaar \u0130le Bir Araya Geldi.<\/p>\n<p style=\"text-align: justify;\">G\u00f6r\u00fc\u015fmede, Bakanl\u0131\u011f\u0131n yap\u0131s\u0131, planlar\u0131 ve \u00e7al\u0131\u015fma mekanizmalar\u0131 ele al\u0131nd\u0131 ve yat\u0131r\u0131mc\u0131lar\u0131n i\u015fini kolayla\u015ft\u0131racak mevzuatlar\u0131n geli\u015ftirilmesi konular\u0131 g\u00f6r\u00fc\u015f\u00fcld\u00fc.<\/p>\n<p style=\"text-align: justify;\">G\u00f6r\u00fc\u015fmede ayr\u0131ca, ulusal sanayinin desteklenmesi, sanayi b\u00f6lgelerinin geli\u015ftirilmesi, i\u015f imk\u00e2nlar\u0131n\u0131n sa\u011flanmas\u0131 ve ihracat\u0131n art\u0131r\u0131lmas\u0131 konular\u0131na vurgu yap\u0131ld\u0131.<\/p>\n<div id='gallery-1' class='gallery galleryid-320750 gallery-columns-1 gallery-size-full'><figure class='gallery-item'>\n\t\t\t<div class='gallery-icon landscape'>\n\t\t\t\t<a href='https:\/\/archive.sana.sy\/tr\/?attachment_id=320757'><img loading=\"lazy\" decoding=\"async\" width=\"660\" height=\"370\" src=\"https:\/\/archive.sana.sy\/tr\/wp-content\/uploads\/2025\/05\/photo_2025-05-06_15-40-38-copy-1.jpg\" class=\"attachment-full size-full\" alt=\"\" srcset=\"https:\/\/archive.sana.sy\/tr\/wp-content\/uploads\/2025\/05\/photo_2025-05-06_15-40-38-copy-1.jpg 660w, https:\/\/archive.sana.sy\/tr\/wp-content\/uploads\/2025\/05\/photo_2025-05-06_15-40-38-copy-1-300x168.jpg 300w\" sizes=\"auto, (max-width: 660px) 100vw, 660px\" \/><\/a>\n\t\t\t<\/div><\/figure><figure class='gallery-item'>\n\t\t\t<div class='gallery-icon landscape'>\n\t\t\t\t<a href='https:\/\/archive.sana.sy\/tr\/?attachment_id=320752'><img loading=\"lazy\" decoding=\"async\" width=\"660\" height=\"370\" src=\"https:\/\/archive.sana.sy\/tr\/wp-content\/uploads\/2025\/05\/photo_2025-05-06_15-40-29-copy.jpg\" class=\"attachment-full size-full\" alt=\"\" srcset=\"https:\/\/archive.sana.sy\/tr\/wp-content\/uploads\/2025\/05\/photo_2025-05-06_15-40-29-copy.jpg 660w, https:\/\/archive.sana.sy\/tr\/wp-content\/uploads\/2025\/05\/photo_2025-05-06_15-40-29-copy-300x168.jpg 300w\" sizes=\"auto, (max-width: 660px) 100vw, 660px\" \/><\/a>\n\t\t\t<\/div><\/figure>\n\t\t<\/div>\n\n","protected":false},"excerpt":{"rendered":"<p>\u015eAM (SANA) &#8211; Cumhurba\u015fkan\u0131 Say\u0131n Ahmed El \u015eara, Ekonomi Ve Sanayi Bakan\u0131 Muhammed Nidal El \u015eaar \u0130le Bir Araya Geldi. G\u00f6r\u00fc\u015fmede, Bakanl\u0131\u011f\u0131n yap\u0131s\u0131, planlar\u0131 ve \u00e7al\u0131\u015fma mekanizmalar\u0131 ele al\u0131nd\u0131 ve yat\u0131r\u0131mc\u0131lar\u0131n i\u015fini kolayla\u015ft\u0131racak mevzuatlar\u0131n geli\u015ftirilmesi konular\u0131 g\u00f6r\u00fc\u015f\u00fcld\u00fc. G\u00f6r\u00fc\u015fmede ayr\u0131ca, ulusal sanayinin desteklenmesi, sanayi b\u00f6lgelerinin geli\u015ftirilmesi, i\u015f imk\u00e2nlar\u0131n\u0131n sa\u011flanmas\u0131 ve ihracat\u0131n art\u0131r\u0131lmas\u0131 konular\u0131na vurgu yap\u0131ld\u0131.<\/p>\n","protected":false},"author":41,"featured_media":320751,"comment_status":"closed","ping_status":"closed","sticky":false,"template":"","format":"standard","meta":{"footnotes":""},"categories":[606,589,605,17988],"tags":[],"class_list":["post-320750","post","type-post","status-publish","format-standard","has-post-thumbnail","","category-cumhurbaskani","category-haber-seridi","category-sayin-cumhurbaskani","category-son-haberler"],"_links":{"self":[{"href":"https:\/\/archive.sana.sy\/tr\/index.php?rest_route=\/wp\/v2\/posts\/320750","targetHints":{"allow":["GET"]}}],"collection":[{"href":"https:\/\/archive.sana.sy\/tr\/index.php?rest_route=\/wp\/v2\/posts"}],"about":[{"href":"https:\/\/archive.sana.sy\/tr\/index.php?rest_route=\/wp\/v2\/types\/post"}],"author":[{"embeddable":true,"href":"https:\/\/archive.sana.sy\/tr\/index.php?rest_route=\/wp\/v2\/users\/41"}],"replies":[{"embeddable":true,"href":"https:\/\/archive.sana.sy\/tr\/index.php?rest_route=%2Fwp%2Fv2%2Fcomments&post=320750"}],"version-history":[{"count":1,"href":"https:\/\/archive.sana.sy\/tr\/index.php?rest_route=\/wp\/v2\/posts\/320750\/revisions"}],"predecessor-version":[{"id":320758,"href":"https:\/\/archive.sana.sy\/tr\/index.php?rest_route=\/wp\/v2\/posts\/320750\/revisions\/320758"}],"wp:featuredmedia":[{"embeddable":true,"href":"https:\/\/archive.sana.sy\/tr\/index.php?rest_route=\/wp\/v2\/media\/320751"}],"wp:attachment":[{"href":"https:\/\/archive.sana.sy\/tr\/index.php?rest_route=%2Fwp%2Fv2%2Fmedia&parent=320750"}],"wp:term":[{"taxonomy":"category","embeddable":true,"href":"https:\/\/archive.sana.sy\/tr\/index.php?rest_route=%2Fwp%2Fv2%2Fcategories&post=320750"},{"taxonomy":"post_tag","embeddable":true,"href":"https:\/\/archive.sana.sy\/tr\/index.php?rest_route=%2Fwp%2Fv2%2Ftags&post=320750"}],"curies":[{"name":"wp","href":"https:\/\/api.w.org\/{rel}","templated":true}]}}