{"id":320842,"date":"2025-05-07T12:14:42","date_gmt":"2025-05-07T09:14:42","guid":{"rendered":"https:\/\/sana.sy\/tr\/?p=320842"},"modified":"2025-05-07T15:35:21","modified_gmt":"2025-05-07T12:35:21","slug":"turkiye-disisleri-bakanligi-israilin-bolge-ulkelerine-yonelik-saldirilari-barisi-ve-istikrari-hedef-aliyor","status":"publish","type":"post","link":"https:\/\/archive.sana.sy\/tr\/?p=320842","title":{"rendered":"T\u00fcrkiye D\u0131\u015fi\u015fleri Bakanl\u0131\u011f\u0131: \u0130srail&#8217;in B\u00f6lge \u00dclkelerine Y\u00f6nelik Sald\u0131r\u0131lar\u0131 Bar\u0131\u015f\u0131 ve \u0130stikrar\u0131 Hedef Al\u0131yor"},"content":{"rendered":"<p style=\"text-align: justify;\"><strong><span style=\"color: #800000;\">ANKARA (SANA)<\/span> \u2013<\/strong> T\u00fcrkiye D\u0131\u015fi\u015fleri Bakanl\u0131\u011f\u0131, ba\u015fta Suriye, L\u00fcbnan ve Yemen olmak \u00fczere b\u00f6lge \u00fclkelerine y\u00f6nelik i\u015fgalci \u0130srail sald\u0131r\u0131lar\u0131n\u0131 k\u0131nayarak, bu sald\u0131r\u0131lar\u0131n b\u00f6lgedeki bar\u0131\u015f ve istikrar\u0131 hedef ald\u0131\u011f\u0131n\u0131 vurgulad\u0131.<\/p>\n<p style=\"text-align: justify;\">Anadolu Ajans\u0131, D\u0131\u015fi\u015fleri Bakanl\u0131\u011f\u0131&#8217;n\u0131n \u015fu a\u00e7\u0131klamas\u0131n\u0131 aktard\u0131: &#8220;Uluslararas\u0131 toplum, b\u00f6lgesel ve k\u00fcresel bar\u0131\u015f\u0131 tehdit eden pervas\u0131z \u0130srail sald\u0131rganl\u0131\u011f\u0131 kar\u015f\u0131s\u0131nda sessiz kalmamal\u0131, kararl\u0131 ve net bir tutum sergilemelidir&#8221;.<\/p>\n<p style=\"text-align: justify;\">A\u00e7\u0131klamada ayr\u0131ca, \u0130srail\u2019in Gazze \u015eeridi\u2019ndeki i\u015fgalini geni\u015fletme karar\u0131n\u0131n ayn\u0131 yay\u0131lmac\u0131 ve y\u0131k\u0131c\u0131 zihniyetin bir yans\u0131mas\u0131 oldu\u011fu belirtilerek, T\u00fcrkiye\u2019nin b\u00f6lge \u00fclkeleri ve uluslararas\u0131 toplumla dayan\u0131\u015fma i\u00e7inde Ortado\u011fu\u2019da bar\u0131\u015f ve istikrar\u0131n sa\u011flanmas\u0131na y\u00f6nelik \u00e7abalar\u0131n\u0131 s\u00fcrd\u00fcrece\u011fi vurguland\u0131.<\/p>\n","protected":false},"excerpt":{"rendered":"<p>ANKARA (SANA) \u2013 T\u00fcrkiye D\u0131\u015fi\u015fleri Bakanl\u0131\u011f\u0131, ba\u015fta Suriye, L\u00fcbnan ve Yemen olmak \u00fczere b\u00f6lge \u00fclkelerine y\u00f6nelik i\u015fgalci \u0130srail sald\u0131r\u0131lar\u0131n\u0131 k\u0131nayarak, bu sald\u0131r\u0131lar\u0131n b\u00f6lgedeki bar\u0131\u015f ve istikrar\u0131 hedef ald\u0131\u011f\u0131n\u0131 vurgulad\u0131. Anadolu Ajans\u0131, D\u0131\u015fi\u015fleri Bakanl\u0131\u011f\u0131&#8217;n\u0131n \u015fu a\u00e7\u0131klamas\u0131n\u0131 aktard\u0131: &#8220;Uluslararas\u0131 toplum, b\u00f6lgesel ve k\u00fcresel bar\u0131\u015f\u0131 tehdit eden pervas\u0131z \u0130srail sald\u0131rganl\u0131\u011f\u0131 kar\u015f\u0131s\u0131nda sessiz kalmamal\u0131, kararl\u0131 ve net bir tutum &hellip;<\/p>\n","protected":false},"author":39,"featured_media":320843,"comment_status":"closed","ping_status":"closed","sticky":false,"template":"","format":"standard","meta":{"footnotes":""},"categories":[458,589,459,17988],"tags":[],"class_list":["post-320842","post","type-post","status-publish","format-standard","has-post-thumbnail","","category-dunya1","category-haber-seridi","category-haberler-arap-uluslararasi-politika","category-son-haberler"],"_links":{"self":[{"href":"https:\/\/archive.sana.sy\/tr\/index.php?rest_route=\/wp\/v2\/posts\/320842","targetHints":{"allow":["GET"]}}],"collection":[{"href":"https:\/\/archive.sana.sy\/tr\/index.php?rest_route=\/wp\/v2\/posts"}],"about":[{"href":"https:\/\/archive.sana.sy\/tr\/index.php?rest_route=\/wp\/v2\/types\/post"}],"author":[{"embeddable":true,"href":"https:\/\/archive.sana.sy\/tr\/index.php?rest_route=\/wp\/v2\/users\/39"}],"replies":[{"embeddable":true,"href":"https:\/\/archive.sana.sy\/tr\/index.php?rest_route=%2Fwp%2Fv2%2Fcomments&post=320842"}],"version-history":[{"count":2,"href":"https:\/\/archive.sana.sy\/tr\/index.php?rest_route=\/wp\/v2\/posts\/320842\/revisions"}],"predecessor-version":[{"id":320862,"href":"https:\/\/archive.sana.sy\/tr\/index.php?rest_route=\/wp\/v2\/posts\/320842\/revisions\/320862"}],"wp:featuredmedia":[{"embeddable":true,"href":"https:\/\/archive.sana.sy\/tr\/index.php?rest_route=\/wp\/v2\/media\/320843"}],"wp:attachment":[{"href":"https:\/\/archive.sana.sy\/tr\/index.php?rest_route=%2Fwp%2Fv2%2Fmedia&parent=320842"}],"wp:term":[{"taxonomy":"category","embeddable":true,"href":"https:\/\/archive.sana.sy\/tr\/index.php?rest_route=%2Fwp%2Fv2%2Fcategories&post=320842"},{"taxonomy":"post_tag","embeddable":true,"href":"https:\/\/archive.sana.sy\/tr\/index.php?rest_route=%2Fwp%2Fv2%2Ftags&post=320842"}],"curies":[{"name":"wp","href":"https:\/\/api.w.org\/{rel}","templated":true}]}}