{"id":320845,"date":"2025-05-07T13:44:27","date_gmt":"2025-05-07T10:44:27","guid":{"rendered":"https:\/\/sana.sy\/tr\/?p=320845"},"modified":"2025-05-07T15:36:40","modified_gmt":"2025-05-07T12:36:40","slug":"bm-suriyedeki-saglik-hizmetleri-icin-3-milyon-dolarlik-mali-destek-sagladi","status":"publish","type":"post","link":"https:\/\/archive.sana.sy\/tr\/?p=320845","title":{"rendered":"BM, Suriye\u2019deki Sa\u011fl\u0131k Hizmetleri \u0130\u00e7in 3 Milyon Dolarl\u0131k Mali Yard\u0131m Sa\u011flad\u0131"},"content":{"rendered":"<p style=\"text-align: justify;\"><strong><span style=\"color: #800000;\">CENEVRE (SANA)<\/span> \u2013 <\/strong>D\u00fcnya Sa\u011fl\u0131k \u00d6rg\u00fct\u00fc (DS\u00d6), Birle\u015fmi\u015f Milletler Merkez Acil M\u00fcdahale Fonu&#8217;nun (CERF), Suriye\u2019de sa\u011fl\u0131k hizmetlerinin desteklenmesi amac\u0131yla 3 milyon dolarl\u0131k mali yard\u0131m sa\u011flad\u0131\u011f\u0131n\u0131 duyurdu.<\/p>\n<p style=\"text-align: justify;\">DS\u00d6\u2019n\u00fcn internet sitesinde yay\u0131mlanan a\u00e7\u0131klamada, bu mali yard\u0131m\u0131n temel sa\u011fl\u0131k hizmetlerinin s\u00fcreklili\u011finin sa\u011flanmas\u0131na, hastal\u0131klar\u0131n izlenmesine ve \u00f6zellikle kriz ve yerinden edilme durumlar\u0131ndan en \u00e7ok etkilenen b\u00f6lgelerde ruh sa\u011fl\u0131\u011f\u0131 alan\u0131nda destek sunulmas\u0131na katk\u0131 sa\u011flayaca\u011f\u0131 belirtildi.<\/p>\n<p style=\"text-align: justify;\">DS\u00d6 Suriye Temsilcili\u011fi Vekili Christina Behrendt Bethke, s\u00f6z konusu mali deste\u011fin, \u00f6rg\u00fct\u00fcn sahadaki acil sa\u011fl\u0131k hizmetlerini s\u00fcrd\u00fcrmesine ve h\u0131zla de\u011fi\u015fen ihtiya\u00e7lara yan\u0131t vermesine b\u00fcy\u00fck katk\u0131 sundu\u011funu ifade etti. Bethke, bu katk\u0131n\u0131n en savunmas\u0131z gruplar\u0131n dahi ihmal edilmemesini g\u00fcvence alt\u0131na ald\u0131\u011f\u0131n\u0131 vurgulad\u0131.<\/p>\n<p style=\"text-align: justify;\">DS\u00d6\u2019ye g\u00f6re, alt\u0131 ay s\u00fcrecek olan bu giri\u015fimden do\u011frudan 530 binden fazla ki\u015fi yararlanacak. Yararlan\u0131c\u0131lar aras\u0131nda \u00fclke i\u00e7inde yerinden edilmi\u015f ki\u015filer, geri d\u00f6nen m\u00fclteciler, ev sahibi topluluk \u00fcyeleri ve hassas durumdaki aileler yer al\u0131yor.<\/p>\n","protected":false},"excerpt":{"rendered":"<p>CENEVRE (SANA) \u2013 D\u00fcnya Sa\u011fl\u0131k \u00d6rg\u00fct\u00fc (DS\u00d6), Birle\u015fmi\u015f Milletler Merkez Acil M\u00fcdahale Fonu&#8217;nun (CERF), Suriye\u2019de sa\u011fl\u0131k hizmetlerinin desteklenmesi amac\u0131yla 3 milyon dolarl\u0131k mali yard\u0131m sa\u011flad\u0131\u011f\u0131n\u0131 duyurdu. DS\u00d6\u2019n\u00fcn internet sitesinde yay\u0131mlanan a\u00e7\u0131klamada, bu mali yard\u0131m\u0131n temel sa\u011fl\u0131k hizmetlerinin s\u00fcreklili\u011finin sa\u011flanmas\u0131na, hastal\u0131klar\u0131n izlenmesine ve \u00f6zellikle kriz ve yerinden edilme durumlar\u0131ndan en \u00e7ok etkilenen b\u00f6lgelerde ruh sa\u011fl\u0131\u011f\u0131 alan\u0131nda &hellip;<\/p>\n","protected":false},"author":39,"featured_media":320846,"comment_status":"closed","ping_status":"closed","sticky":false,"template":"","format":"standard","meta":{"footnotes":""},"categories":[458,589,459,17988],"tags":[],"class_list":["post-320845","post","type-post","status-publish","format-standard","has-post-thumbnail","","category-dunya1","category-haber-seridi","category-haberler-arap-uluslararasi-politika","category-son-haberler"],"_links":{"self":[{"href":"https:\/\/archive.sana.sy\/tr\/index.php?rest_route=\/wp\/v2\/posts\/320845","targetHints":{"allow":["GET"]}}],"collection":[{"href":"https:\/\/archive.sana.sy\/tr\/index.php?rest_route=\/wp\/v2\/posts"}],"about":[{"href":"https:\/\/archive.sana.sy\/tr\/index.php?rest_route=\/wp\/v2\/types\/post"}],"author":[{"embeddable":true,"href":"https:\/\/archive.sana.sy\/tr\/index.php?rest_route=\/wp\/v2\/users\/39"}],"replies":[{"embeddable":true,"href":"https:\/\/archive.sana.sy\/tr\/index.php?rest_route=%2Fwp%2Fv2%2Fcomments&post=320845"}],"version-history":[{"count":4,"href":"https:\/\/archive.sana.sy\/tr\/index.php?rest_route=\/wp\/v2\/posts\/320845\/revisions"}],"predecessor-version":[{"id":320863,"href":"https:\/\/archive.sana.sy\/tr\/index.php?rest_route=\/wp\/v2\/posts\/320845\/revisions\/320863"}],"wp:featuredmedia":[{"embeddable":true,"href":"https:\/\/archive.sana.sy\/tr\/index.php?rest_route=\/wp\/v2\/media\/320846"}],"wp:attachment":[{"href":"https:\/\/archive.sana.sy\/tr\/index.php?rest_route=%2Fwp%2Fv2%2Fmedia&parent=320845"}],"wp:term":[{"taxonomy":"category","embeddable":true,"href":"https:\/\/archive.sana.sy\/tr\/index.php?rest_route=%2Fwp%2Fv2%2Fcategories&post=320845"},{"taxonomy":"post_tag","embeddable":true,"href":"https:\/\/archive.sana.sy\/tr\/index.php?rest_route=%2Fwp%2Fv2%2Ftags&post=320845"}],"curies":[{"name":"wp","href":"https:\/\/api.w.org\/{rel}","templated":true}]}}