{"id":320853,"date":"2025-05-07T15:19:12","date_gmt":"2025-05-07T12:19:12","guid":{"rendered":"https:\/\/sana.sy\/tr\/?p=320853"},"modified":"2025-05-10T09:36:31","modified_gmt":"2025-05-10T06:36:31","slug":"cumhurbaskani-el-sara-paristeki-charles-de-gaulle-havalimanina-geldi","status":"publish","type":"post","link":"https:\/\/archive.sana.sy\/tr\/?p=320853","title":{"rendered":"Cumhurba\u015fkan\u0131 El \u015eara, Paris&#8217;teki Charles De Gaulle Havaliman\u0131&#8217;na Geldi"},"content":{"rendered":"<p style=\"text-align: justify;\"><span style=\"color: #800000;\"><strong>PAR\u0130S (SANA)<\/strong> <\/span>&#8211; \u00a0Suriye Arap Cumhuriyeti Cumhurba\u015fkan\u0131 Say\u0131n Ahmed El \u015eara, Avrupa&#8217;ya ilk resmi ziyaret i\u00e7in Paris&#8217;teki Charles de Gaulle Havaliman\u0131&#8217;na vard\u0131.<\/p>\n","protected":false},"excerpt":{"rendered":"<p>PAR\u0130S (SANA) &#8211; \u00a0Suriye Arap Cumhuriyeti Cumhurba\u015fkan\u0131 Say\u0131n Ahmed El \u015eara, Avrupa&#8217;ya ilk resmi ziyaret i\u00e7in Paris&#8217;teki Charles de Gaulle Havaliman\u0131&#8217;na vard\u0131.<\/p>\n","protected":false},"author":41,"featured_media":320854,"comment_status":"closed","ping_status":"closed","sticky":false,"template":"","format":"standard","meta":{"footnotes":""},"categories":[608,605,17988],"tags":[],"class_list":["post-320853","post","type-post","status-publish","format-standard","has-post-thumbnail","","category-etkinlikler","category-sayin-cumhurbaskani","category-son-haberler"],"_links":{"self":[{"href":"https:\/\/archive.sana.sy\/tr\/index.php?rest_route=\/wp\/v2\/posts\/320853","targetHints":{"allow":["GET"]}}],"collection":[{"href":"https:\/\/archive.sana.sy\/tr\/index.php?rest_route=\/wp\/v2\/posts"}],"about":[{"href":"https:\/\/archive.sana.sy\/tr\/index.php?rest_route=\/wp\/v2\/types\/post"}],"author":[{"embeddable":true,"href":"https:\/\/archive.sana.sy\/tr\/index.php?rest_route=\/wp\/v2\/users\/41"}],"replies":[{"embeddable":true,"href":"https:\/\/archive.sana.sy\/tr\/index.php?rest_route=%2Fwp%2Fv2%2Fcomments&post=320853"}],"version-history":[{"count":1,"href":"https:\/\/archive.sana.sy\/tr\/index.php?rest_route=\/wp\/v2\/posts\/320853\/revisions"}],"predecessor-version":[{"id":320855,"href":"https:\/\/archive.sana.sy\/tr\/index.php?rest_route=\/wp\/v2\/posts\/320853\/revisions\/320855"}],"wp:featuredmedia":[{"embeddable":true,"href":"https:\/\/archive.sana.sy\/tr\/index.php?rest_route=\/wp\/v2\/media\/320854"}],"wp:attachment":[{"href":"https:\/\/archive.sana.sy\/tr\/index.php?rest_route=%2Fwp%2Fv2%2Fmedia&parent=320853"}],"wp:term":[{"taxonomy":"category","embeddable":true,"href":"https:\/\/archive.sana.sy\/tr\/index.php?rest_route=%2Fwp%2Fv2%2Fcategories&post=320853"},{"taxonomy":"post_tag","embeddable":true,"href":"https:\/\/archive.sana.sy\/tr\/index.php?rest_route=%2Fwp%2Fv2%2Ftags&post=320853"}],"curies":[{"name":"wp","href":"https:\/\/api.w.org\/{rel}","templated":true}]}}