{"id":321013,"date":"2025-05-09T17:55:30","date_gmt":"2025-05-09T14:55:30","guid":{"rendered":"https:\/\/sana.sy\/tr\/?p=321013"},"modified":"2025-05-09T17:55:30","modified_gmt":"2025-05-09T14:55:30","slug":"urdun-disisleri-bakani-suriyeye-yonelik-yaptirimlar-kaldirilmali","status":"publish","type":"post","link":"https:\/\/archive.sana.sy\/tr\/?p=321013","title":{"rendered":"\u00dcrd\u00fcn D\u0131\u015fi\u015fleri Bakan\u0131: Suriye&#8217;ye Y\u00f6nelik Yapt\u0131r\u0131mlar Kald\u0131r\u0131lmal\u0131"},"content":{"rendered":"<p style=\"text-align: justify;\"><span style=\"color: #800000;\"><strong>AMMAN (SANA) &#8211;<\/strong><\/span> \u00dcrd\u00fcn D\u0131\u015fi\u015fleri Bakan\u0131 Eymen Safadi, Suriye&#8217;ye uygulanan yapt\u0131r\u0131mlar\u0131n kald\u0131r\u0131lmas\u0131 y\u00f6n\u00fcndeki tutumunu yineledi.<\/p>\n<p style=\"text-align: justify;\">\u00dcrd\u00fcn&#8217;\u00fcn Petra Haber Ajans\u0131&#8217;n\u0131n haberine g\u00f6re Safadi, bug\u00fcn Tokyo&#8217;da Japon mevkida\u015f\u0131 Takeshi Iwaya ile yapt\u0131\u011f\u0131 g\u00f6r\u00fc\u015fmede, Suriye&#8217;ye y\u00f6nelik yapt\u0131r\u0131mlar\u0131n kald\u0131r\u0131lmas\u0131 ve Suriye h\u00fck\u00fcmetinin, \u00fclkenin g\u00fcvenli\u011fini, istikrar\u0131n\u0131 ve egemenli\u011fini garanti alt\u0131na alan ve t\u00fcm Suriye halk\u0131n\u0131n haklar\u0131n\u0131 koruyan temeller \u00fczerine yeniden in\u015fa \u00e7abalar\u0131n\u0131n desteklenmesi gerekti\u011fini vurgulad\u0131.<\/p>\n","protected":false},"excerpt":{"rendered":"<p>AMMAN (SANA) &#8211; \u00dcrd\u00fcn D\u0131\u015fi\u015fleri Bakan\u0131 Eymen Safadi, Suriye&#8217;ye uygulanan yapt\u0131r\u0131mlar\u0131n kald\u0131r\u0131lmas\u0131 y\u00f6n\u00fcndeki tutumunu yineledi. \u00dcrd\u00fcn&#8217;\u00fcn Petra Haber Ajans\u0131&#8217;n\u0131n haberine g\u00f6re Safadi, bug\u00fcn Tokyo&#8217;da Japon mevkida\u015f\u0131 Takeshi Iwaya ile yapt\u0131\u011f\u0131 g\u00f6r\u00fc\u015fmede, Suriye&#8217;ye y\u00f6nelik yapt\u0131r\u0131mlar\u0131n kald\u0131r\u0131lmas\u0131 ve Suriye h\u00fck\u00fcmetinin, \u00fclkenin g\u00fcvenli\u011fini, istikrar\u0131n\u0131 ve egemenli\u011fini garanti alt\u0131na alan ve t\u00fcm Suriye halk\u0131n\u0131n haklar\u0131n\u0131 koruyan temeller \u00fczerine yeniden &hellip;<\/p>\n","protected":false},"author":41,"featured_media":321014,"comment_status":"closed","ping_status":"closed","sticky":false,"template":"","format":"standard","meta":{"footnotes":""},"categories":[458,589,459,17988],"tags":[],"class_list":["post-321013","post","type-post","status-publish","format-standard","has-post-thumbnail","","category-dunya1","category-haber-seridi","category-haberler-arap-uluslararasi-politika","category-son-haberler"],"_links":{"self":[{"href":"https:\/\/archive.sana.sy\/tr\/index.php?rest_route=\/wp\/v2\/posts\/321013","targetHints":{"allow":["GET"]}}],"collection":[{"href":"https:\/\/archive.sana.sy\/tr\/index.php?rest_route=\/wp\/v2\/posts"}],"about":[{"href":"https:\/\/archive.sana.sy\/tr\/index.php?rest_route=\/wp\/v2\/types\/post"}],"author":[{"embeddable":true,"href":"https:\/\/archive.sana.sy\/tr\/index.php?rest_route=\/wp\/v2\/users\/41"}],"replies":[{"embeddable":true,"href":"https:\/\/archive.sana.sy\/tr\/index.php?rest_route=%2Fwp%2Fv2%2Fcomments&post=321013"}],"version-history":[{"count":1,"href":"https:\/\/archive.sana.sy\/tr\/index.php?rest_route=\/wp\/v2\/posts\/321013\/revisions"}],"predecessor-version":[{"id":321015,"href":"https:\/\/archive.sana.sy\/tr\/index.php?rest_route=\/wp\/v2\/posts\/321013\/revisions\/321015"}],"wp:featuredmedia":[{"embeddable":true,"href":"https:\/\/archive.sana.sy\/tr\/index.php?rest_route=\/wp\/v2\/media\/321014"}],"wp:attachment":[{"href":"https:\/\/archive.sana.sy\/tr\/index.php?rest_route=%2Fwp%2Fv2%2Fmedia&parent=321013"}],"wp:term":[{"taxonomy":"category","embeddable":true,"href":"https:\/\/archive.sana.sy\/tr\/index.php?rest_route=%2Fwp%2Fv2%2Fcategories&post=321013"},{"taxonomy":"post_tag","embeddable":true,"href":"https:\/\/archive.sana.sy\/tr\/index.php?rest_route=%2Fwp%2Fv2%2Ftags&post=321013"}],"curies":[{"name":"wp","href":"https:\/\/api.w.org\/{rel}","templated":true}]}}