{"id":321019,"date":"2025-05-09T19:40:14","date_gmt":"2025-05-09T16:40:14","guid":{"rendered":"https:\/\/sana.sy\/tr\/?p=321019"},"modified":"2025-05-09T19:40:14","modified_gmt":"2025-05-09T16:40:14","slug":"enformasyon-bakani-kutuplasmayi-artiran-sahte-hesaplara-karsi-akilci-ve-birlestirici-bir-soylem-sart","status":"publish","type":"post","link":"https:\/\/archive.sana.sy\/tr\/?p=321019","title":{"rendered":"Enformasyon Bakan\u0131: Kutupla\u015fmay\u0131 Art\u0131ran Sahte Hesaplara Kar\u015f\u0131 Ak\u0131lc\u0131 ve Birle\u015ftirici Bir S\u00f6ylem \u015eart"},"content":{"rendered":"<p><span style=\"color: #800000;\"><strong>\u015eAM (SANA) \u2013<\/strong><\/span> Enformasyon Bakan\u0131 Hamza Mustafa, Suriye\u2019de toplumsal ayr\u0131\u015fmay\u0131 ve kutupla\u015fmay\u0131 k\u00f6r\u00fcklemeyi ama\u00e7layan binlerce sahte hesab\u0131n dezenformasyon ve s\u00f6ylentiler yayd\u0131\u011f\u0131n\u0131 belirterek, bu tehdide kar\u015f\u0131 ak\u0131lc\u0131, birle\u015ftirici ve vatanda\u015fl\u0131k ilkesine dayal\u0131 bir s\u00f6ylemin benimsenmesi gerekti\u011fini vurgulad\u0131.<\/p>\n<p style=\"text-align: justify;\">Bakan Mustafa, resmi Facebook hesab\u0131ndan yapt\u0131\u011f\u0131 payla\u015f\u0131mda, yanl\u0131\u015f ve kas\u0131tl\u0131 olarak yan\u0131lt\u0131c\u0131 bilgilerin yay\u0131lmas\u0131n\u0131n, k\u00f6kl\u00fc demokrasiler de d\u00e2hil olmak \u00fczere bir\u00e7ok \u00fclkenin kar\u015f\u0131la\u015ft\u0131\u011f\u0131 ciddi bir s\u0131nama oldu\u011funu ifade ederek, Bu durumun, uzun s\u00fcren devrimler ve b\u00fcy\u00fck toplumsal isyanlar\u0131n ard\u0131ndan ge\u00e7i\u015f s\u00fcrecindeki \u00fclkelerde daha da belirgin hale geldi\u011fini kaydetti.<\/p>\n<p style=\"text-align: justify;\">Suriye\u2019nin istikrar ve siyasi sa\u011flamla\u015fma yolunda ilerlerken ciddi bir tehditle kar\u015f\u0131 kar\u015f\u0131ya oldu\u011funa i\u015faret eden Bakan, \u201cGece g\u00fcnd\u00fcz faaliyet g\u00f6steren y\u00fcz binlerce sahte hesap, toplumsal kutupla\u015fmay\u0131 ve ayr\u0131\u015fmay\u0131 derinle\u015ftirmeyi ama\u00e7l\u0131yor,\u201d dedi.<\/p>\n<p style=\"text-align: justify;\">Bakan Mustafa, bir\u00e7ok \u00fclkenin bu sorunla ba\u015fa \u00e7\u0131kmak i\u00e7in teknik, hukuki ve editoryal d\u00fczeyde \u00e7e\u015fitli stratejiler geli\u015ftirdi\u011fini belirterek, en etkili yakla\u015f\u0131m\u0131n toplumsal fark\u0131ndal\u0131\u011fa yat\u0131r\u0131m yapmak, halk\u0131 siyasi anla\u015fmazl\u0131klar\u0131 bar\u0131\u015f\u00e7\u0131l yollarla \u00e7\u00f6zmeye te\u015fvik etmek, medya \u00e7al\u0131\u015fmalar\u0131nda profesyonelli\u011fi esas almak ve uzun vadeli toplumsal ortakl\u0131klar kurarak sosyal bar\u0131\u015f\u0131 tesis etmek oldu\u011funu dile getirdi.<\/p>\n<p style=\"text-align: justify;\">Bakan Mustafa ayr\u0131ca, kapsay\u0131c\u0131 ve hukuk \u00f6n\u00fcnde e\u015fitlik temelli siyasi ve hukuki vatanda\u015fl\u0131k ilkesine \u00f6zel vurgu yap\u0131lmas\u0131n\u0131n \u00f6nemine dikkat \u00e7ekti.<\/p>\n","protected":false},"excerpt":{"rendered":"<p>\u015eAM (SANA) \u2013 Enformasyon Bakan\u0131 Hamza Mustafa, Suriye\u2019de toplumsal ayr\u0131\u015fmay\u0131 ve kutupla\u015fmay\u0131 k\u00f6r\u00fcklemeyi ama\u00e7layan binlerce sahte hesab\u0131n dezenformasyon ve s\u00f6ylentiler yayd\u0131\u011f\u0131n\u0131 belirterek, bu tehdide kar\u015f\u0131 ak\u0131lc\u0131, birle\u015ftirici ve vatanda\u015fl\u0131k ilkesine dayal\u0131 bir s\u00f6ylemin benimsenmesi gerekti\u011fini vurgulad\u0131. Bakan Mustafa, resmi Facebook hesab\u0131ndan yapt\u0131\u011f\u0131 payla\u015f\u0131mda, yanl\u0131\u015f ve kas\u0131tl\u0131 olarak yan\u0131lt\u0131c\u0131 bilgilerin yay\u0131lmas\u0131n\u0131n, k\u00f6kl\u00fc demokrasiler de d\u00e2hil olmak &hellip;<\/p>\n","protected":false},"author":41,"featured_media":320999,"comment_status":"closed","ping_status":"closed","sticky":false,"template":"","format":"standard","meta":{"footnotes":""},"categories":[589,479,17988,478],"tags":[],"class_list":["post-321019","post","type-post","status-publish","format-standard","has-post-thumbnail","","category-haber-seridi","category-haberler-yerel","category-son-haberler","category-yerel"],"_links":{"self":[{"href":"https:\/\/archive.sana.sy\/tr\/index.php?rest_route=\/wp\/v2\/posts\/321019","targetHints":{"allow":["GET"]}}],"collection":[{"href":"https:\/\/archive.sana.sy\/tr\/index.php?rest_route=\/wp\/v2\/posts"}],"about":[{"href":"https:\/\/archive.sana.sy\/tr\/index.php?rest_route=\/wp\/v2\/types\/post"}],"author":[{"embeddable":true,"href":"https:\/\/archive.sana.sy\/tr\/index.php?rest_route=\/wp\/v2\/users\/41"}],"replies":[{"embeddable":true,"href":"https:\/\/archive.sana.sy\/tr\/index.php?rest_route=%2Fwp%2Fv2%2Fcomments&post=321019"}],"version-history":[{"count":1,"href":"https:\/\/archive.sana.sy\/tr\/index.php?rest_route=\/wp\/v2\/posts\/321019\/revisions"}],"predecessor-version":[{"id":321020,"href":"https:\/\/archive.sana.sy\/tr\/index.php?rest_route=\/wp\/v2\/posts\/321019\/revisions\/321020"}],"wp:featuredmedia":[{"embeddable":true,"href":"https:\/\/archive.sana.sy\/tr\/index.php?rest_route=\/wp\/v2\/media\/320999"}],"wp:attachment":[{"href":"https:\/\/archive.sana.sy\/tr\/index.php?rest_route=%2Fwp%2Fv2%2Fmedia&parent=321019"}],"wp:term":[{"taxonomy":"category","embeddable":true,"href":"https:\/\/archive.sana.sy\/tr\/index.php?rest_route=%2Fwp%2Fv2%2Fcategories&post=321019"},{"taxonomy":"post_tag","embeddable":true,"href":"https:\/\/archive.sana.sy\/tr\/index.php?rest_route=%2Fwp%2Fv2%2Ftags&post=321019"}],"curies":[{"name":"wp","href":"https:\/\/api.w.org\/{rel}","templated":true}]}}