{"id":321021,"date":"2025-05-09T20:26:33","date_gmt":"2025-05-09T17:26:33","guid":{"rendered":"https:\/\/sana.sy\/tr\/?p=321021"},"modified":"2025-05-09T20:26:33","modified_gmt":"2025-05-09T17:26:33","slug":"sivil-havacilik-genel-muduru-suriyeli-multecilerin-geri-donusune-yonelik-uluslararasi-is-birligini-gorustu","status":"publish","type":"post","link":"https:\/\/archive.sana.sy\/tr\/?p=321021","title":{"rendered":"Sivil Havac\u0131l\u0131k Genel M\u00fcd\u00fcr\u00fc, Suriyeli M\u00fcltecilerin Geri D\u00f6n\u00fc\u015f\u00fcne Y\u00f6nelik Uluslararas\u0131 \u0130\u015f Birli\u011fini G\u00f6r\u00fc\u015ft\u00fc"},"content":{"rendered":"<p style=\"text-align: justify;\"><span style=\"color: #800000;\"><strong>\u015eAM (SANA) \u2013<\/strong> <\/span>Suriye Sivil Havac\u0131l\u0131k Genel M\u00fcd\u00fcrl\u00fc\u011f\u00fc Ba\u015fkan\u0131 E\u015fhed El Salibi, Suriyeli m\u00fcltecilerin \u00fclkelerine g\u00fcvenli ve onurlu bir \u015fekilde geri d\u00f6n\u00fc\u015f\u00fcn\u00fc desteklemek amac\u0131yla \u00e7ok say\u0131da uluslararas\u0131 insani yard\u0131m kurulu\u015funun temsilcisiyle bir araya geldi.<\/p>\n<p style=\"text-align: justify;\">Yap\u0131lan g\u00f6r\u00fc\u015fmelerde, m\u00fcltecilerin d\u00fcnyan\u0131n farkl\u0131 \u00fclkelerinden Suriye\u2019deki havaalanlar\u0131na d\u00f6n\u00fc\u015f s\u00fcre\u00e7lerini kolayla\u015ft\u0131rmak i\u00e7in taraflar aras\u0131nda i\u015f birli\u011fi ve koordinasyonun art\u0131r\u0131lmas\u0131n\u0131n \u00f6nemi vurguland\u0131. Bu \u00e7er\u00e7evede, teknik ve lojistik prosed\u00fcrlerin basitle\u015ftirilmesi ve geri d\u00f6n\u00fc\u015f s\u00fcrecinin g\u00fcvenli \u015fekilde y\u00f6netilmesi i\u00e7in gerekli ad\u0131mlar ele al\u0131nd\u0131.<\/p>\n<p style=\"text-align: justify;\">Toplant\u0131da ayr\u0131ca, Suriye havaalanlar\u0131 arac\u0131l\u0131\u011f\u0131yla insani yard\u0131mlar\u0131n ula\u015ft\u0131r\u0131lmas\u0131n\u0131 kolayla\u015ft\u0131racak mekanizmalar geli\u015ftirilmesi ve ihtiya\u00e7 sahiplerine destek amac\u0131yla \u00f6zel u\u00e7u\u015flar d\u00fczenlenmesini \u00f6ng\u00f6ren yeni bir insani giri\u015fimin ba\u015flat\u0131lmas\u0131 g\u00fcndeme geldi.<\/p>\n<p style=\"text-align: justify;\">Yetkililer, s\u00f6z konusu giri\u015fimlerin uluslararas\u0131 kurulu\u015flarla ortakla\u015fa y\u00fcr\u00fct\u00fclmesinin, Suriye\u2019nin yeniden istikrara kavu\u015fmas\u0131na katk\u0131 sa\u011flayaca\u011f\u0131n\u0131 ifade etti.<\/p>\n<div id='gallery-1' class='gallery galleryid-321021 gallery-columns-2 gallery-size-thumbnail'><figure class='gallery-item'>\n\t\t\t<div class='gallery-icon landscape'>\n\t\t\t\t<a href='https:\/\/archive.sana.sy\/tr\/?attachment_id=321023'><img loading=\"lazy\" decoding=\"async\" width=\"150\" height=\"150\" src=\"https:\/\/archive.sana.sy\/tr\/wp-content\/uploads\/2025\/05\/111-3.jpg\" class=\"attachment-thumbnail size-thumbnail\" alt=\"\" \/><\/a>\n\t\t\t<\/div><\/figure><figure class='gallery-item'>\n\t\t\t<div class='gallery-icon landscape'>\n\t\t\t\t<a href='https:\/\/archive.sana.sy\/tr\/?attachment_id=321024'><img loading=\"lazy\" decoding=\"async\" width=\"150\" height=\"150\" src=\"https:\/\/archive.sana.sy\/tr\/wp-content\/uploads\/2025\/05\/11-7.jpg\" class=\"attachment-thumbnail size-thumbnail\" alt=\"\" \/><\/a>\n\t\t\t<\/div><\/figure>\n\t\t<\/div>\n\n","protected":false},"excerpt":{"rendered":"<p>\u015eAM (SANA) \u2013 Suriye Sivil Havac\u0131l\u0131k Genel M\u00fcd\u00fcrl\u00fc\u011f\u00fc Ba\u015fkan\u0131 E\u015fhed El Salibi, Suriyeli m\u00fcltecilerin \u00fclkelerine g\u00fcvenli ve onurlu bir \u015fekilde geri d\u00f6n\u00fc\u015f\u00fcn\u00fc desteklemek amac\u0131yla \u00e7ok say\u0131da uluslararas\u0131 insani yard\u0131m kurulu\u015funun temsilcisiyle bir araya geldi. Yap\u0131lan g\u00f6r\u00fc\u015fmelerde, m\u00fcltecilerin d\u00fcnyan\u0131n farkl\u0131 \u00fclkelerinden Suriye\u2019deki havaalanlar\u0131na d\u00f6n\u00fc\u015f s\u00fcre\u00e7lerini kolayla\u015ft\u0131rmak i\u00e7in taraflar aras\u0131nda i\u015f birli\u011fi ve koordinasyonun art\u0131r\u0131lmas\u0131n\u0131n \u00f6nemi vurguland\u0131. &hellip;<\/p>\n","protected":false},"author":41,"featured_media":321022,"comment_status":"closed","ping_status":"closed","sticky":false,"template":"","format":"standard","meta":{"footnotes":""},"categories":[589,479,17988,478],"tags":[],"class_list":["post-321021","post","type-post","status-publish","format-standard","has-post-thumbnail","","category-haber-seridi","category-haberler-yerel","category-son-haberler","category-yerel"],"_links":{"self":[{"href":"https:\/\/archive.sana.sy\/tr\/index.php?rest_route=\/wp\/v2\/posts\/321021","targetHints":{"allow":["GET"]}}],"collection":[{"href":"https:\/\/archive.sana.sy\/tr\/index.php?rest_route=\/wp\/v2\/posts"}],"about":[{"href":"https:\/\/archive.sana.sy\/tr\/index.php?rest_route=\/wp\/v2\/types\/post"}],"author":[{"embeddable":true,"href":"https:\/\/archive.sana.sy\/tr\/index.php?rest_route=\/wp\/v2\/users\/41"}],"replies":[{"embeddable":true,"href":"https:\/\/archive.sana.sy\/tr\/index.php?rest_route=%2Fwp%2Fv2%2Fcomments&post=321021"}],"version-history":[{"count":1,"href":"https:\/\/archive.sana.sy\/tr\/index.php?rest_route=\/wp\/v2\/posts\/321021\/revisions"}],"predecessor-version":[{"id":321025,"href":"https:\/\/archive.sana.sy\/tr\/index.php?rest_route=\/wp\/v2\/posts\/321021\/revisions\/321025"}],"wp:featuredmedia":[{"embeddable":true,"href":"https:\/\/archive.sana.sy\/tr\/index.php?rest_route=\/wp\/v2\/media\/321022"}],"wp:attachment":[{"href":"https:\/\/archive.sana.sy\/tr\/index.php?rest_route=%2Fwp%2Fv2%2Fmedia&parent=321021"}],"wp:term":[{"taxonomy":"category","embeddable":true,"href":"https:\/\/archive.sana.sy\/tr\/index.php?rest_route=%2Fwp%2Fv2%2Fcategories&post=321021"},{"taxonomy":"post_tag","embeddable":true,"href":"https:\/\/archive.sana.sy\/tr\/index.php?rest_route=%2Fwp%2Fv2%2Ftags&post=321021"}],"curies":[{"name":"wp","href":"https:\/\/api.w.org\/{rel}","templated":true}]}}