{"id":321027,"date":"2025-05-10T08:00:17","date_gmt":"2025-05-10T05:00:17","guid":{"rendered":"https:\/\/sana.sy\/tr\/?p=321027"},"modified":"2025-05-10T14:27:58","modified_gmt":"2025-05-10T11:27:58","slug":"cumhurbaskanligi-medya-ofisi-cumhurbaskani-el-saranin-yakin-zamanda-bahreyn-kralligina-resmi-bir-ziyaret-gerceklestirmesi-planlaniyor","status":"publish","type":"post","link":"https:\/\/archive.sana.sy\/tr\/?p=321027","title":{"rendered":"Cumhurba\u015fkanl\u0131\u011f\u0131 Medya Ofisi: Cumhurba\u015fkan\u0131 El \u015eara&#8217;n\u0131n Yak\u0131n Zamanda Bahreyn Krall\u0131\u011f\u0131&#8217;na Resmi Bir Ziyaret Ger\u00e7ekle\u015ftirmesi Planlan\u0131yor"},"content":{"rendered":"<p style=\"text-align: justify;\"><span style=\"color: #800000;\"><strong>\u015eAM (SANA)<\/strong> &#8211;<\/span> Suriye Arap Cumhuriyeti Cumhurba\u015fkanl\u0131\u011f\u0131 medya ofisi, Cumhurba\u015fkan\u0131 Ahmed e\u015f-\u015eara&#8217;n\u0131n yak\u0131n zamanda Bahreyn Krall\u0131\u011f\u0131&#8217;na resmi bir ziyaret ger\u00e7ekle\u015ftirmesinin planland\u0131\u011f\u0131n\u0131 bildirdi.<\/p>\n","protected":false},"excerpt":{"rendered":"<p>\u015eAM (SANA) &#8211; Suriye Arap Cumhuriyeti Cumhurba\u015fkanl\u0131\u011f\u0131 medya ofisi, Cumhurba\u015fkan\u0131 Ahmed e\u015f-\u015eara&#8217;n\u0131n yak\u0131n zamanda Bahreyn Krall\u0131\u011f\u0131&#8217;na resmi bir ziyaret ger\u00e7ekle\u015ftirmesinin planland\u0131\u011f\u0131n\u0131 bildirdi.<\/p>\n","protected":false},"author":44,"featured_media":321028,"comment_status":"closed","ping_status":"closed","sticky":false,"template":"","format":"standard","meta":{"footnotes":""},"categories":[610,479,605,478],"tags":[43858],"class_list":["post-321027","post","type-post","status-publish","format-standard","has-post-thumbnail","","category-geziler","category-haberler-yerel","category-sayin-cumhurbaskani","category-yerel","tag-cumhurbaskanligi-medya-ofisi-cumhurbaskani-el-saranin-yakin-zamanda-bahreyn-kralligina-resmi-bir-ziyaret-gerceklestirmesi-planlaniyor"],"_links":{"self":[{"href":"https:\/\/archive.sana.sy\/tr\/index.php?rest_route=\/wp\/v2\/posts\/321027","targetHints":{"allow":["GET"]}}],"collection":[{"href":"https:\/\/archive.sana.sy\/tr\/index.php?rest_route=\/wp\/v2\/posts"}],"about":[{"href":"https:\/\/archive.sana.sy\/tr\/index.php?rest_route=\/wp\/v2\/types\/post"}],"author":[{"embeddable":true,"href":"https:\/\/archive.sana.sy\/tr\/index.php?rest_route=\/wp\/v2\/users\/44"}],"replies":[{"embeddable":true,"href":"https:\/\/archive.sana.sy\/tr\/index.php?rest_route=%2Fwp%2Fv2%2Fcomments&post=321027"}],"version-history":[{"count":1,"href":"https:\/\/archive.sana.sy\/tr\/index.php?rest_route=\/wp\/v2\/posts\/321027\/revisions"}],"predecessor-version":[{"id":321029,"href":"https:\/\/archive.sana.sy\/tr\/index.php?rest_route=\/wp\/v2\/posts\/321027\/revisions\/321029"}],"wp:featuredmedia":[{"embeddable":true,"href":"https:\/\/archive.sana.sy\/tr\/index.php?rest_route=\/wp\/v2\/media\/321028"}],"wp:attachment":[{"href":"https:\/\/archive.sana.sy\/tr\/index.php?rest_route=%2Fwp%2Fv2%2Fmedia&parent=321027"}],"wp:term":[{"taxonomy":"category","embeddable":true,"href":"https:\/\/archive.sana.sy\/tr\/index.php?rest_route=%2Fwp%2Fv2%2Fcategories&post=321027"},{"taxonomy":"post_tag","embeddable":true,"href":"https:\/\/archive.sana.sy\/tr\/index.php?rest_route=%2Fwp%2Fv2%2Ftags&post=321027"}],"curies":[{"name":"wp","href":"https:\/\/api.w.org\/{rel}","templated":true}]}}