{"id":321032,"date":"2025-05-10T10:05:08","date_gmt":"2025-05-10T07:05:08","guid":{"rendered":"https:\/\/sana.sy\/tr\/?p=321032"},"modified":"2025-05-10T11:07:20","modified_gmt":"2025-05-10T08:07:20","slug":"suriye-baede-duzenlenen-dunya-gencler-tekvando-sampiyonasina-katiliyor","status":"publish","type":"post","link":"https:\/\/archive.sana.sy\/tr\/?p=321032","title":{"rendered":"Suriye, BAE&#8217;de D\u00fczenlenen D\u00fcnya Gen\u00e7ler Tekvando \u015eampiyonas\u0131&#8217;na Kat\u0131l\u0131yor"},"content":{"rendered":"<p style=\"text-align: justify;\"><span style=\"color: #800000;\"><strong>\u015eAM (SANA) \u2013<\/strong> <\/span>Suriye Mill\u00ee Tak\u0131m\u0131, 10-14 May\u0131s tarihleri aras\u0131nda Birle\u015fik Arap Emirlikleri&#8217;nin Fujairah Emirli\u011fi&#8217;nde d\u00fczenlenen D\u00fcnya Gen\u00e7ler Tekvando \u015eampiyonas\u0131\u2019na kat\u0131l\u0131yor.<\/p>\n<p style=\"text-align: justify;\">\u015eampiyonada, 93 \u00fclkeden 811\u2019i a\u015fk\u0131n erkek ve kad\u0131n sporcu m\u00fccadele ediyor.<\/p>\n<p style=\"text-align: justify;\">Suriye, \u015fampiyonada Abdulrazzak El Ali, \u011eaith El Muhammad ve Bahar El Abbas olmak \u00fczere \u00fc\u00e7 sporcu ile temsil ediliyor.<\/p>\n<p style=\"text-align: justify;\">Tekvando Federasyonu Ba\u015fkan\u0131 \u015eerif Dirki, Suriye\u2019nin bu turnuvaya 10 y\u0131l\u0131 a\u015fk\u0131n bir aradan sonra ilk kez kat\u0131ld\u0131\u011f\u0131n\u0131 belirtti. Kat\u0131l\u0131m\u0131n Suriyeli sporcular i\u00e7in \u00f6nemli bir motivasyon kayna\u011f\u0131 oldu\u011funu vurgulayan Dirki, \u201cKat\u0131l\u0131mc\u0131 sporcular\u0131m\u0131z\u0131n bu kategoride en iyi sonu\u00e7lar\u0131 elde edeceklerine ve bu k\u00fcresel organizasyonda \u00fclkemizi en iyi \u015fekilde temsil edeceklerine inan\u0131yorum,\u201d dedi.<\/p>\n","protected":false},"excerpt":{"rendered":"<p>\u015eAM (SANA) \u2013 Suriye Mill\u00ee Tak\u0131m\u0131, 10-14 May\u0131s tarihleri aras\u0131nda Birle\u015fik Arap Emirlikleri&#8217;nin Fujairah Emirli\u011fi&#8217;nde d\u00fczenlenen D\u00fcnya Gen\u00e7ler Tekvando \u015eampiyonas\u0131\u2019na kat\u0131l\u0131yor. \u015eampiyonada, 93 \u00fclkeden 811\u2019i a\u015fk\u0131n erkek ve kad\u0131n sporcu m\u00fccadele ediyor. Suriye, \u015fampiyonada Abdulrazzak El Ali, \u011eaith El Muhammad ve Bahar El Abbas olmak \u00fczere \u00fc\u00e7 sporcu ile temsil ediliyor. Tekvando Federasyonu Ba\u015fkan\u0131 \u015eerif &hellip;<\/p>\n","protected":false},"author":44,"featured_media":321033,"comment_status":"closed","ping_status":"closed","sticky":false,"template":"","format":"standard","meta":{"footnotes":""},"categories":[498,589,17988,496],"tags":[43859,16591],"class_list":["post-321032","post","type-post","status-publish","format-standard","has-post-thumbnail","","category-dunya-turnuvalari","category-haber-seridi","category-son-haberler","category-spor","tag-baede-duzenlenen-dunya-gencler-tekvando-sampiyonasina-katiliyor","tag-suriye"],"_links":{"self":[{"href":"https:\/\/archive.sana.sy\/tr\/index.php?rest_route=\/wp\/v2\/posts\/321032","targetHints":{"allow":["GET"]}}],"collection":[{"href":"https:\/\/archive.sana.sy\/tr\/index.php?rest_route=\/wp\/v2\/posts"}],"about":[{"href":"https:\/\/archive.sana.sy\/tr\/index.php?rest_route=\/wp\/v2\/types\/post"}],"author":[{"embeddable":true,"href":"https:\/\/archive.sana.sy\/tr\/index.php?rest_route=\/wp\/v2\/users\/44"}],"replies":[{"embeddable":true,"href":"https:\/\/archive.sana.sy\/tr\/index.php?rest_route=%2Fwp%2Fv2%2Fcomments&post=321032"}],"version-history":[{"count":1,"href":"https:\/\/archive.sana.sy\/tr\/index.php?rest_route=\/wp\/v2\/posts\/321032\/revisions"}],"predecessor-version":[{"id":321034,"href":"https:\/\/archive.sana.sy\/tr\/index.php?rest_route=\/wp\/v2\/posts\/321032\/revisions\/321034"}],"wp:featuredmedia":[{"embeddable":true,"href":"https:\/\/archive.sana.sy\/tr\/index.php?rest_route=\/wp\/v2\/media\/321033"}],"wp:attachment":[{"href":"https:\/\/archive.sana.sy\/tr\/index.php?rest_route=%2Fwp%2Fv2%2Fmedia&parent=321032"}],"wp:term":[{"taxonomy":"category","embeddable":true,"href":"https:\/\/archive.sana.sy\/tr\/index.php?rest_route=%2Fwp%2Fv2%2Fcategories&post=321032"},{"taxonomy":"post_tag","embeddable":true,"href":"https:\/\/archive.sana.sy\/tr\/index.php?rest_route=%2Fwp%2Fv2%2Ftags&post=321032"}],"curies":[{"name":"wp","href":"https:\/\/api.w.org\/{rel}","templated":true}]}}