{"id":321035,"date":"2025-05-10T12:00:05","date_gmt":"2025-05-10T09:00:05","guid":{"rendered":"https:\/\/sana.sy\/tr\/?p=321035"},"modified":"2025-05-10T16:40:58","modified_gmt":"2025-05-10T13:40:58","slug":"ocha-suriyedeki-mayinlarin-ve-savas-kalintilarinin-devam-eden-tehlikeleri-uyariyor","status":"publish","type":"post","link":"https:\/\/archive.sana.sy\/tr\/?p=321035","title":{"rendered":"(OCHA), Suriye&#8217;deki May\u0131nlar\u0131n Ve Sava\u015f Kal\u0131nt\u0131lar\u0131n\u0131n Devam Eden Tehlikeleri Uyard\u0131"},"content":{"rendered":"<p style=\"text-align: justify;\"><span style=\"color: #800000;\"><strong>NEWYORK (SANA) &#8211;<\/strong><\/span> Birle\u015fmi\u015f Milletler \u0130nsani \u0130\u015fler Koordinasyon Ofisi (OCHA), Suriye&#8217;deki sava\u015ftan geriye kalan may\u0131n ve patlamam\u0131\u015f m\u00fchimmatlar\u0131n tehlikelerinin devam etti\u011fi konusunda uyar\u0131da bulundu.<\/p>\n<p style=\"text-align: justify;\">BM Haber Ajans\u0131&#8217;n\u0131n aktard\u0131\u011f\u0131na g\u00f6re BM ofisinden yap\u0131lan a\u00e7\u0131klamada : &#8221;Eski rejimin devrilmesinden bu yana Suriye&#8217;de patlamam\u0131\u015f m\u00fchimmatlar, may\u0131nlar, el yap\u0131m\u0131 patlay\u0131c\u0131lar ve di\u011fer sava\u015f kal\u0131nt\u0131lar\u0131n\u0131n yaratt\u0131\u011f\u0131 kirlilik \u00f6l\u00fcmc\u00fcl izler b\u0131rakmaya devam ediyor&#8221; ifadelerini kulland\u0131.<\/p>\n<p style=\"text-align: justify;\">Ofis, 8 Aral\u0131k 2024&#8217;ten bu yana 367 \u00f6l\u00fcm ve 542 yaralanma olmak \u00fczere 900&#8217;den fazla sivil kayb\u0131n bildirildi\u011fini, bu kay\u0131plar\u0131n \u00fc\u00e7te birinden fazlas\u0131n\u0131n \u00e7ocuklardan olu\u015ftu\u011funu a\u00e7\u0131klad\u0131.<\/p>\n<p style=\"text-align: justify;\">BM S\u00f6zc\u00fc Yard\u0131mc\u0131s\u0131 Farhan Huk ise d\u00fczenledi\u011fi bas\u0131n toplant\u0131s\u0131nda, BM ve ortaklar\u0131n\u0131n, zorlu finansman ortam\u0131na ra\u011fmen Suriye genelinde yard\u0131m sa\u011flamaya devam etti\u011fini Kaydetti.<\/p>\n<p style=\"text-align: justify;\">Huk ayr\u0131ca, bu yard\u0131mlar\u0131n yerinden edilmi\u015f ki\u015filerin ya\u015fad\u0131\u011f\u0131 b\u00f6lgelere destek sa\u011flamay\u0131, ge\u00e7im kayna\u011f\u0131 yaratmay\u0131, su kaynaklar\u0131n\u0131 onarmay\u0131 ve g\u0131da yard\u0131m\u0131 sa\u011flamay\u0131 kapsad\u0131\u011f\u0131n\u0131 belirtti.<\/p>\n","protected":false},"excerpt":{"rendered":"<p>NEWYORK (SANA) &#8211; Birle\u015fmi\u015f Milletler \u0130nsani \u0130\u015fler Koordinasyon Ofisi (OCHA), Suriye&#8217;deki sava\u015ftan geriye kalan may\u0131n ve patlamam\u0131\u015f m\u00fchimmatlar\u0131n tehlikelerinin devam etti\u011fi konusunda uyar\u0131da bulundu. BM Haber Ajans\u0131&#8217;n\u0131n aktard\u0131\u011f\u0131na g\u00f6re BM ofisinden yap\u0131lan a\u00e7\u0131klamada : &#8221;Eski rejimin devrilmesinden bu yana Suriye&#8217;de patlamam\u0131\u015f m\u00fchimmatlar, may\u0131nlar, el yap\u0131m\u0131 patlay\u0131c\u0131lar ve di\u011fer sava\u015f kal\u0131nt\u0131lar\u0131n\u0131n yaratt\u0131\u011f\u0131 kirlilik \u00f6l\u00fcmc\u00fcl izler b\u0131rakmaya &hellip;<\/p>\n","protected":false},"author":44,"featured_media":321036,"comment_status":"closed","ping_status":"closed","sticky":false,"template":"","format":"standard","meta":{"footnotes":""},"categories":[458,589,459,17988],"tags":[43860,43861],"class_list":["post-321035","post","type-post","status-publish","format-standard","has-post-thumbnail","","category-dunya1","category-haber-seridi","category-haberler-arap-uluslararasi-politika","category-son-haberler","tag-ocha","tag-suriyedeki-mayinlarin-ve-savas-kalintilarinin-devam-eden-tehlikeleri-uyariyor"],"_links":{"self":[{"href":"https:\/\/archive.sana.sy\/tr\/index.php?rest_route=\/wp\/v2\/posts\/321035","targetHints":{"allow":["GET"]}}],"collection":[{"href":"https:\/\/archive.sana.sy\/tr\/index.php?rest_route=\/wp\/v2\/posts"}],"about":[{"href":"https:\/\/archive.sana.sy\/tr\/index.php?rest_route=\/wp\/v2\/types\/post"}],"author":[{"embeddable":true,"href":"https:\/\/archive.sana.sy\/tr\/index.php?rest_route=\/wp\/v2\/users\/44"}],"replies":[{"embeddable":true,"href":"https:\/\/archive.sana.sy\/tr\/index.php?rest_route=%2Fwp%2Fv2%2Fcomments&post=321035"}],"version-history":[{"count":2,"href":"https:\/\/archive.sana.sy\/tr\/index.php?rest_route=\/wp\/v2\/posts\/321035\/revisions"}],"predecessor-version":[{"id":321073,"href":"https:\/\/archive.sana.sy\/tr\/index.php?rest_route=\/wp\/v2\/posts\/321035\/revisions\/321073"}],"wp:featuredmedia":[{"embeddable":true,"href":"https:\/\/archive.sana.sy\/tr\/index.php?rest_route=\/wp\/v2\/media\/321036"}],"wp:attachment":[{"href":"https:\/\/archive.sana.sy\/tr\/index.php?rest_route=%2Fwp%2Fv2%2Fmedia&parent=321035"}],"wp:term":[{"taxonomy":"category","embeddable":true,"href":"https:\/\/archive.sana.sy\/tr\/index.php?rest_route=%2Fwp%2Fv2%2Fcategories&post=321035"},{"taxonomy":"post_tag","embeddable":true,"href":"https:\/\/archive.sana.sy\/tr\/index.php?rest_route=%2Fwp%2Fv2%2Ftags&post=321035"}],"curies":[{"name":"wp","href":"https:\/\/api.w.org\/{rel}","templated":true}]}}