{"id":321038,"date":"2025-05-10T12:54:48","date_gmt":"2025-05-10T09:54:48","guid":{"rendered":"https:\/\/sana.sy\/tr\/?p=321038"},"modified":"2025-05-10T13:09:32","modified_gmt":"2025-05-10T10:09:32","slug":"saglik-suudi-arabistandan-bir-saglik-ekibi-sama-ulasti","status":"publish","type":"post","link":"https:\/\/archive.sana.sy\/tr\/?p=321038","title":{"rendered":"Sa\u011fl\u0131k: Suudi Arabistan&#8217;dan Bir Sa\u011fl\u0131k Ekibi \u015eam&#8217;a Ula\u015ft\u0131"},"content":{"rendered":"<p style=\"text-align: justify;\"><span style=\"color: #800000;\"><strong>\u015eAM (SANA) \u2013<\/strong><\/span> Sa\u011fl\u0131k Bakanl\u0131\u011f\u0131, Kral Selman Yard\u0131m ve \u0130nsani Eylem Merkezi ve Uluslararas\u0131 Sava\u015f ve Afet Ma\u011fdurlar\u0131na Bak\u0131m Derne\u011fi (Al-Amin) i\u015fbirli\u011fiyle, t\u0131bbi muayene ve \u00f6zel ameliyatlar ger\u00e7ekle\u015ftirmek \u00fczere Suudi Arabistan&#8217;dan uzman bir sa\u011fl\u0131k ekibinin \u015eam&#8217;a geldi\u011fini duyurdu.<\/p>\n<p style=\"text-align: justify;\">Bakanl\u0131k, Telegram kanal\u0131nda yay\u0131mlad\u0131\u011f\u0131 a\u00e7\u0131klamada, \u015eam Valili\u011fi&#8217;nde 10-17 May\u0131s tarihleri \u200b\u200baras\u0131nda genel ve rekonstr\u00fcktif cerrahi, tan\u0131sal radyoloji, \u00fcroloji, i\u00e7 hastal\u0131klar\u0131 ve kad\u0131n do\u011fum alanlar\u0131nda \u00e7al\u0131\u015fma yap\u0131laca\u011f\u0131n\u0131 bildirdi.<\/p>\n<p style=\"text-align: justify;\">Bakanl\u0131k ayr\u0131ca, t\u0131bbi de\u011ferlendirmeye g\u00f6re en muhta\u00e7 durumda olan vakalara \u00f6ncelik verildi\u011fini vurgulad\u0131.<\/p>\n","protected":false},"excerpt":{"rendered":"<p>\u015eAM (SANA) \u2013 Sa\u011fl\u0131k Bakanl\u0131\u011f\u0131, Kral Selman Yard\u0131m ve \u0130nsani Eylem Merkezi ve Uluslararas\u0131 Sava\u015f ve Afet Ma\u011fdurlar\u0131na Bak\u0131m Derne\u011fi (Al-Amin) i\u015fbirli\u011fiyle, t\u0131bbi muayene ve \u00f6zel ameliyatlar ger\u00e7ekle\u015ftirmek \u00fczere Suudi Arabistan&#8217;dan uzman bir sa\u011fl\u0131k ekibinin \u015eam&#8217;a geldi\u011fini duyurdu. Bakanl\u0131k, Telegram kanal\u0131nda yay\u0131mlad\u0131\u011f\u0131 a\u00e7\u0131klamada, \u015eam Valili\u011fi&#8217;nde 10-17 May\u0131s tarihleri \u200b\u200baras\u0131nda genel ve rekonstr\u00fcktif cerrahi, tan\u0131sal radyoloji, &hellip;<\/p>\n","protected":false},"author":44,"featured_media":321039,"comment_status":"closed","ping_status":"closed","sticky":false,"template":"","format":"standard","meta":{"footnotes":""},"categories":[589,479,17988,478],"tags":[43862],"class_list":["post-321038","post","type-post","status-publish","format-standard","has-post-thumbnail","","category-haber-seridi","category-haberler-yerel","category-son-haberler","category-yerel","tag-saglik-suudi-arabistandan-bir-saglik-ekibi-sama-ulasti"],"_links":{"self":[{"href":"https:\/\/archive.sana.sy\/tr\/index.php?rest_route=\/wp\/v2\/posts\/321038","targetHints":{"allow":["GET"]}}],"collection":[{"href":"https:\/\/archive.sana.sy\/tr\/index.php?rest_route=\/wp\/v2\/posts"}],"about":[{"href":"https:\/\/archive.sana.sy\/tr\/index.php?rest_route=\/wp\/v2\/types\/post"}],"author":[{"embeddable":true,"href":"https:\/\/archive.sana.sy\/tr\/index.php?rest_route=\/wp\/v2\/users\/44"}],"replies":[{"embeddable":true,"href":"https:\/\/archive.sana.sy\/tr\/index.php?rest_route=%2Fwp%2Fv2%2Fcomments&post=321038"}],"version-history":[{"count":3,"href":"https:\/\/archive.sana.sy\/tr\/index.php?rest_route=\/wp\/v2\/posts\/321038\/revisions"}],"predecessor-version":[{"id":321042,"href":"https:\/\/archive.sana.sy\/tr\/index.php?rest_route=\/wp\/v2\/posts\/321038\/revisions\/321042"}],"wp:featuredmedia":[{"embeddable":true,"href":"https:\/\/archive.sana.sy\/tr\/index.php?rest_route=\/wp\/v2\/media\/321039"}],"wp:attachment":[{"href":"https:\/\/archive.sana.sy\/tr\/index.php?rest_route=%2Fwp%2Fv2%2Fmedia&parent=321038"}],"wp:term":[{"taxonomy":"category","embeddable":true,"href":"https:\/\/archive.sana.sy\/tr\/index.php?rest_route=%2Fwp%2Fv2%2Fcategories&post=321038"},{"taxonomy":"post_tag","embeddable":true,"href":"https:\/\/archive.sana.sy\/tr\/index.php?rest_route=%2Fwp%2Fv2%2Ftags&post=321038"}],"curies":[{"name":"wp","href":"https:\/\/api.w.org\/{rel}","templated":true}]}}