{"id":321049,"date":"2025-05-10T13:00:36","date_gmt":"2025-05-10T10:00:36","guid":{"rendered":"https:\/\/sana.sy\/tr\/?p=321049"},"modified":"2025-05-10T16:43:15","modified_gmt":"2025-05-10T13:43:15","slug":"arap-yuksek-denetleme-kurumlari-orgutu-suriyeye-teknik-ve-mali-desteginin-devam-ettigini-vurgulaudi","status":"publish","type":"post","link":"https:\/\/archive.sana.sy\/tr\/?p=321049","title":{"rendered":"Arap Y\u00fcksek Denetleme Kurumlar\u0131 \u00d6rg\u00fct\u00fc Suriye&#8217;ye Teknik Ve Mali Deste\u011finin Devam Etti\u011fini Vurgulad\u0131"},"content":{"rendered":"<p style=\"text-align: justify;\"><span style=\"color: #800000;\"><strong>ABU DAB\u0130 (SANA) &#8211;<\/strong><\/span> Arap Y\u00fcksek Denetleme Kurumlar\u0131 \u00d6rg\u00fct\u00fc (ARABOSAI) Genel Sekreter Yard\u0131mc\u0131s\u0131 Fadila El Karkuri, Suriye Arap Cumhuriyeti&#8217;ndeki Merkezi Mali Kontrol Ajans\u0131&#8217;n\u0131n \u00f6rg\u00fcte geri d\u00f6nmesinin &#8220;\u00e7ok \u00f6nemli bir stratejik ad\u0131m&#8221; oldu\u011funu do\u011frulad\u0131.<\/p>\n<p style=\"text-align: justify;\">El Karkuri, BAE&#8217;nin &#8220;Emirates News&#8221; ajans\u0131na yapt\u0131\u011f\u0131 a\u00e7\u0131klamada \u015funlar\u0131 s\u00f6yledi: &#8221;Bu geri d\u00f6n\u00fc\u015f &#8220;sadece idari veya teknik bir \u00f6nlem de\u011fil, aksine ortak Arap g\u00f6zetim \u00e7al\u0131\u015fmalar\u0131n\u0131n devam etti\u011fini ve \u00f6zellikle kar\u015f\u0131 kar\u015f\u0131ya oldu\u011fumuz zorluklar \u0131\u015f\u0131\u011f\u0131nda \u015feffafl\u0131k, d\u00fcr\u00fcstl\u00fck ve hesap verebilirlik ilkelerinin her \u015feyden \u00f6nce geldi\u011fini teyit eden a\u00e7\u0131k bir mesaj\u0131 temsil ediyor.<\/p>\n<p style=\"text-align: justify;\">El Karkuri ayr\u0131ca, \u00f6rg\u00fct\u00fcn Suriye Merkez Mali Kontrol Ajans\u0131&#8217;na teknik destek sa\u011flamaya devam edece\u011fini, b\u00f6ylece ajans\u0131n Arap d\u00fczenleyici sistemi i\u00e7indeki do\u011fal rol\u00fcn\u00fc yeniden kazanabilece\u011fini kaydetti.<\/p>\n","protected":false},"excerpt":{"rendered":"<p>ABU DAB\u0130 (SANA) &#8211; Arap Y\u00fcksek Denetleme Kurumlar\u0131 \u00d6rg\u00fct\u00fc (ARABOSAI) Genel Sekreter Yard\u0131mc\u0131s\u0131 Fadila El Karkuri, Suriye Arap Cumhuriyeti&#8217;ndeki Merkezi Mali Kontrol Ajans\u0131&#8217;n\u0131n \u00f6rg\u00fcte geri d\u00f6nmesinin &#8220;\u00e7ok \u00f6nemli bir stratejik ad\u0131m&#8221; oldu\u011funu do\u011frulad\u0131. El Karkuri, BAE&#8217;nin &#8220;Emirates News&#8221; ajans\u0131na yapt\u0131\u011f\u0131 a\u00e7\u0131klamada \u015funlar\u0131 s\u00f6yledi: &#8221;Bu geri d\u00f6n\u00fc\u015f &#8220;sadece idari veya teknik bir \u00f6nlem de\u011fil, aksine ortak &hellip;<\/p>\n","protected":false},"author":44,"featured_media":321050,"comment_status":"closed","ping_status":"closed","sticky":false,"template":"","format":"standard","meta":{"footnotes":""},"categories":[458,589,459,17988],"tags":[43864],"class_list":["post-321049","post","type-post","status-publish","format-standard","has-post-thumbnail","","category-dunya1","category-haber-seridi","category-haberler-arap-uluslararasi-politika","category-son-haberler","tag-arap-yuksek-denetleme-kurumlari-orgutu-suriyeye-teknik-ve-mali-desteginin-devam-ettigini-vurgulaudi"],"_links":{"self":[{"href":"https:\/\/archive.sana.sy\/tr\/index.php?rest_route=\/wp\/v2\/posts\/321049","targetHints":{"allow":["GET"]}}],"collection":[{"href":"https:\/\/archive.sana.sy\/tr\/index.php?rest_route=\/wp\/v2\/posts"}],"about":[{"href":"https:\/\/archive.sana.sy\/tr\/index.php?rest_route=\/wp\/v2\/types\/post"}],"author":[{"embeddable":true,"href":"https:\/\/archive.sana.sy\/tr\/index.php?rest_route=\/wp\/v2\/users\/44"}],"replies":[{"embeddable":true,"href":"https:\/\/archive.sana.sy\/tr\/index.php?rest_route=%2Fwp%2Fv2%2Fcomments&post=321049"}],"version-history":[{"count":2,"href":"https:\/\/archive.sana.sy\/tr\/index.php?rest_route=\/wp\/v2\/posts\/321049\/revisions"}],"predecessor-version":[{"id":321074,"href":"https:\/\/archive.sana.sy\/tr\/index.php?rest_route=\/wp\/v2\/posts\/321049\/revisions\/321074"}],"wp:featuredmedia":[{"embeddable":true,"href":"https:\/\/archive.sana.sy\/tr\/index.php?rest_route=\/wp\/v2\/media\/321050"}],"wp:attachment":[{"href":"https:\/\/archive.sana.sy\/tr\/index.php?rest_route=%2Fwp%2Fv2%2Fmedia&parent=321049"}],"wp:term":[{"taxonomy":"category","embeddable":true,"href":"https:\/\/archive.sana.sy\/tr\/index.php?rest_route=%2Fwp%2Fv2%2Fcategories&post=321049"},{"taxonomy":"post_tag","embeddable":true,"href":"https:\/\/archive.sana.sy\/tr\/index.php?rest_route=%2Fwp%2Fv2%2Ftags&post=321049"}],"curies":[{"name":"wp","href":"https:\/\/api.w.org\/{rel}","templated":true}]}}