{"id":321060,"date":"2025-05-10T14:59:37","date_gmt":"2025-05-10T11:59:37","guid":{"rendered":"https:\/\/sana.sy\/tr\/?p=321060"},"modified":"2025-05-10T16:36:42","modified_gmt":"2025-05-10T13:36:42","slug":"irak-cumhurbaskani-bagdattaki-arap-zirvesine-katilim-duzeyini-suriye-yonetimi-belirleyecek","status":"publish","type":"post","link":"https:\/\/archive.sana.sy\/tr\/?p=321060","title":{"rendered":"Irak Cumhurba\u015fkan\u0131: Ba\u011fdat&#8217;taki Arap Zirvesi&#8217;ne Kat\u0131l\u0131m D\u00fczeyini Suriye Y\u00f6netimi Belirleyecek"},"content":{"rendered":"<p style=\"text-align: justify;\"><strong>\u015eAM (SANA) &#8211;<\/strong> Irak Cumhurba\u015fkan\u0131 Abdullatif El Re\u015fid, \u00fclkesinin Suriye&#8217;nin i\u015flerine herhangi bir yabanc\u0131 m\u00fcdahaleyi reddetti\u011fini vurgulayark, Ba\u011fdat&#8217;ta yap\u0131lacak Arap Zirvesi&#8217;ne kat\u0131l\u0131m d\u00fczeyinin liderli\u011fine ba\u011fl\u0131 oldu\u011funu kaydetti.<\/p>\n<p style=\"text-align: justify;\">Cumhurba\u015fkan\u0131 El Re\u015fid, bug\u00fcn El Hadas televizyonuna verdi\u011fi r\u00f6portajda, 17 May\u0131s&#8217;ta Ba\u011fdat&#8217;ta yap\u0131lmas\u0131 planlanan zirvede bir\u00e7ok konunun ele al\u0131naca\u011f\u0131n\u0131 a\u00e7\u0131klarken,\u00a0 \u015f\u00f6yle devame etti: &#8220;Arap b\u00f6lgesinde zirvede ele al\u0131nacak \u00e7ok say\u0131da sorunumuz var ve bu konuda iyi kararlar al\u0131nacak. Ancak en \u00f6nemlisi bu kararlar\u0131n takibi ve uygulanmas\u0131d\u0131r.&#8221;<\/p>\n<p style=\"text-align: justify;\">Suriye&#8217;nin zirveye kat\u0131l\u0131m d\u00fczeyine ili\u015fkin ise Irak Cumhurba\u015fkan\u0131, bu konudaki karar\u0131n Suriye liderli\u011fine ait oldu\u011funu belirterek, halk\u0131n y\u0131llarca Arap ve uluslararas\u0131 izolasyondan sonra bar\u0131\u015f ve istikrardan yararlanaca\u011f\u0131 ve Suriye h\u00fck\u00fcmetinin t\u00fcm bile\u015fenlerin siyasi s\u00fcrece kat\u0131lmas\u0131n\u0131 ve t\u00fcm vatanda\u015flar\u0131n haklar\u0131na sayg\u0131 g\u00f6sterece\u011fini umdu\u011funu dile getirdi.<\/p>\n","protected":false},"excerpt":{"rendered":"<p>\u015eAM (SANA) &#8211; Irak Cumhurba\u015fkan\u0131 Abdullatif El Re\u015fid, \u00fclkesinin Suriye&#8217;nin i\u015flerine herhangi bir yabanc\u0131 m\u00fcdahaleyi reddetti\u011fini vurgulayark, Ba\u011fdat&#8217;ta yap\u0131lacak Arap Zirvesi&#8217;ne kat\u0131l\u0131m d\u00fczeyinin liderli\u011fine ba\u011fl\u0131 oldu\u011funu kaydetti. Cumhurba\u015fkan\u0131 El Re\u015fid, bug\u00fcn El Hadas televizyonuna verdi\u011fi r\u00f6portajda, 17 May\u0131s&#8217;ta Ba\u011fdat&#8217;ta yap\u0131lmas\u0131 planlanan zirvede bir\u00e7ok konunun ele al\u0131naca\u011f\u0131n\u0131 a\u00e7\u0131klarken,\u00a0 \u015f\u00f6yle devame etti: &#8220;Arap b\u00f6lgesinde zirvede ele al\u0131nacak &hellip;<\/p>\n","protected":false},"author":44,"featured_media":321061,"comment_status":"closed","ping_status":"closed","sticky":false,"template":"","format":"standard","meta":{"footnotes":""},"categories":[589,479,17988,2554,478],"tags":[43866],"class_list":["post-321060","post","type-post","status-publish","format-standard","has-post-thumbnail","","category-haber-seridi","category-haberler-yerel","category-son-haberler","category-suriye-ve-dunya","category-yerel","tag-irak-cumhurbaskani-bagdattaki-arap-zirvesine-katilim-duzeyini-suriye-yonetimi-belirleyecek"],"_links":{"self":[{"href":"https:\/\/archive.sana.sy\/tr\/index.php?rest_route=\/wp\/v2\/posts\/321060","targetHints":{"allow":["GET"]}}],"collection":[{"href":"https:\/\/archive.sana.sy\/tr\/index.php?rest_route=\/wp\/v2\/posts"}],"about":[{"href":"https:\/\/archive.sana.sy\/tr\/index.php?rest_route=\/wp\/v2\/types\/post"}],"author":[{"embeddable":true,"href":"https:\/\/archive.sana.sy\/tr\/index.php?rest_route=\/wp\/v2\/users\/44"}],"replies":[{"embeddable":true,"href":"https:\/\/archive.sana.sy\/tr\/index.php?rest_route=%2Fwp%2Fv2%2Fcomments&post=321060"}],"version-history":[{"count":3,"href":"https:\/\/archive.sana.sy\/tr\/index.php?rest_route=\/wp\/v2\/posts\/321060\/revisions"}],"predecessor-version":[{"id":321071,"href":"https:\/\/archive.sana.sy\/tr\/index.php?rest_route=\/wp\/v2\/posts\/321060\/revisions\/321071"}],"wp:featuredmedia":[{"embeddable":true,"href":"https:\/\/archive.sana.sy\/tr\/index.php?rest_route=\/wp\/v2\/media\/321061"}],"wp:attachment":[{"href":"https:\/\/archive.sana.sy\/tr\/index.php?rest_route=%2Fwp%2Fv2%2Fmedia&parent=321060"}],"wp:term":[{"taxonomy":"category","embeddable":true,"href":"https:\/\/archive.sana.sy\/tr\/index.php?rest_route=%2Fwp%2Fv2%2Fcategories&post=321060"},{"taxonomy":"post_tag","embeddable":true,"href":"https:\/\/archive.sana.sy\/tr\/index.php?rest_route=%2Fwp%2Fv2%2Ftags&post=321060"}],"curies":[{"name":"wp","href":"https:\/\/api.w.org\/{rel}","templated":true}]}}