{"id":321075,"date":"2025-05-10T17:17:59","date_gmt":"2025-05-10T14:17:59","guid":{"rendered":"https:\/\/sana.sy\/tr\/?p=321075"},"modified":"2025-05-10T17:17:59","modified_gmt":"2025-05-10T14:17:59","slug":"acil-durum-ve-afet-yonetimi-bakanligi-turk-helikopterleri-rabia-bolgesindeki-yanginlara-mudahale-ediyor","status":"publish","type":"post","link":"https:\/\/archive.sana.sy\/tr\/?p=321075","title":{"rendered":"Acil Durum ve Afet Y\u00f6netimi Bakanl\u0131\u011f\u0131: T\u00fcrk Helikopterleri, Rabia B\u00f6lgesindeki Yang\u0131nlara M\u00fcdahale Ediyor"},"content":{"rendered":"<p style=\"text-align: justify;\"><span style=\"color: #800000;\"><strong>\u015eAM (SANA)<\/strong> <\/span>&#8211; Afet ve Acil Durum Y\u00f6netimi Bakanl\u0131\u011f\u0131, Suriye D\u0131\u015fi\u015fleri Bakanl\u0131\u011f\u0131&#8217;n\u0131n koordinasyonu \u00e7er\u00e7evesinde, T\u00fcrkiye&#8217;nin Suriye&#8217;nin talebi \u00fczerine, Lazkiye ilinin kuzeyinde yer alan T\u00fcrkmen Da\u011flar\u0131&#8217;ndaki Rabia b\u00f6lgesine yang\u0131n s\u00f6nd\u00fcrme \u00e7al\u0131\u015fmalar\u0131na kat\u0131lmak \u00fczere helikopter g\u00f6ndermeyi kabul etti\u011fini a\u00e7\u0131klad\u0131.<\/p>\n<p style=\"text-align: justify;\">Bakanl\u0131k, Rabia b\u00f6lgesindeki yang\u0131nlar\u0131n d\u00f6rd\u00fcnc\u00fc g\u00fcn\u00fcne girdi\u011fini, yo\u011fun r\u00fczgarlar, y\u00fcksek s\u0131cakl\u0131klar ve arazinin zorluklar\u0131 ile sava\u015f kal\u0131nt\u0131lar\u0131n\u0131n etkisiyle, yang\u0131n\u0131n yerle\u015fim alanlar\u0131na s\u0131\u00e7ramas\u0131ndan endi\u015fe duyuldu\u011funu bildirdi.<\/p>\n","protected":false},"excerpt":{"rendered":"<p>\u015eAM (SANA) &#8211; Afet ve Acil Durum Y\u00f6netimi Bakanl\u0131\u011f\u0131, Suriye D\u0131\u015fi\u015fleri Bakanl\u0131\u011f\u0131&#8217;n\u0131n koordinasyonu \u00e7er\u00e7evesinde, T\u00fcrkiye&#8217;nin Suriye&#8217;nin talebi \u00fczerine, Lazkiye ilinin kuzeyinde yer alan T\u00fcrkmen Da\u011flar\u0131&#8217;ndaki Rabia b\u00f6lgesine yang\u0131n s\u00f6nd\u00fcrme \u00e7al\u0131\u015fmalar\u0131na kat\u0131lmak \u00fczere helikopter g\u00f6ndermeyi kabul etti\u011fini a\u00e7\u0131klad\u0131. Bakanl\u0131k, Rabia b\u00f6lgesindeki yang\u0131nlar\u0131n d\u00f6rd\u00fcnc\u00fc g\u00fcn\u00fcne girdi\u011fini, yo\u011fun r\u00fczgarlar, y\u00fcksek s\u0131cakl\u0131klar ve arazinin zorluklar\u0131 ile sava\u015f kal\u0131nt\u0131lar\u0131n\u0131n etkisiyle, &hellip;<\/p>\n","protected":false},"author":41,"featured_media":321076,"comment_status":"closed","ping_status":"closed","sticky":false,"template":"","format":"standard","meta":{"footnotes":""},"categories":[589,479,17988,478],"tags":[],"class_list":["post-321075","post","type-post","status-publish","format-standard","has-post-thumbnail","","category-haber-seridi","category-haberler-yerel","category-son-haberler","category-yerel"],"_links":{"self":[{"href":"https:\/\/archive.sana.sy\/tr\/index.php?rest_route=\/wp\/v2\/posts\/321075","targetHints":{"allow":["GET"]}}],"collection":[{"href":"https:\/\/archive.sana.sy\/tr\/index.php?rest_route=\/wp\/v2\/posts"}],"about":[{"href":"https:\/\/archive.sana.sy\/tr\/index.php?rest_route=\/wp\/v2\/types\/post"}],"author":[{"embeddable":true,"href":"https:\/\/archive.sana.sy\/tr\/index.php?rest_route=\/wp\/v2\/users\/41"}],"replies":[{"embeddable":true,"href":"https:\/\/archive.sana.sy\/tr\/index.php?rest_route=%2Fwp%2Fv2%2Fcomments&post=321075"}],"version-history":[{"count":1,"href":"https:\/\/archive.sana.sy\/tr\/index.php?rest_route=\/wp\/v2\/posts\/321075\/revisions"}],"predecessor-version":[{"id":321077,"href":"https:\/\/archive.sana.sy\/tr\/index.php?rest_route=\/wp\/v2\/posts\/321075\/revisions\/321077"}],"wp:featuredmedia":[{"embeddable":true,"href":"https:\/\/archive.sana.sy\/tr\/index.php?rest_route=\/wp\/v2\/media\/321076"}],"wp:attachment":[{"href":"https:\/\/archive.sana.sy\/tr\/index.php?rest_route=%2Fwp%2Fv2%2Fmedia&parent=321075"}],"wp:term":[{"taxonomy":"category","embeddable":true,"href":"https:\/\/archive.sana.sy\/tr\/index.php?rest_route=%2Fwp%2Fv2%2Fcategories&post=321075"},{"taxonomy":"post_tag","embeddable":true,"href":"https:\/\/archive.sana.sy\/tr\/index.php?rest_route=%2Fwp%2Fv2%2Ftags&post=321075"}],"curies":[{"name":"wp","href":"https:\/\/api.w.org\/{rel}","templated":true}]}}