{"id":321079,"date":"2025-05-11T08:33:29","date_gmt":"2025-05-11T05:33:29","guid":{"rendered":"https:\/\/sana.sy\/tr\/?p=321079"},"modified":"2025-05-12T08:29:19","modified_gmt":"2025-05-12T05:29:19","slug":"el-seybani-el-zeyani-ile-duzenledigi-basin-toplantisinda-cumhurbaskani-el-saranin-bahreyn-ziyareti-ikili-iliskilerde-onemli-bir-an-ve-parlak-bir-sayfadir","status":"publish","type":"post","link":"https:\/\/archive.sana.sy\/tr\/?p=321079","title":{"rendered":"El \u015eeybani, El Zeyani \u0130le D\u00fczenledi\u011fi Bas\u0131n Toplant\u0131s\u0131nda: Cumhurba\u015fkan\u0131 El \u015eara&#8217;n\u0131n Bahreyn Ziyareti, \u0130kili \u0130li\u015fkilerde \u00d6nemli Bir An Ve Parlak Bir Sayfad\u0131r"},"content":{"rendered":"<p style=\"text-align: justify;\"><strong>MANAMA <\/strong><strong>(SANA) &#8211;<\/strong> D\u0131\u015fi\u015fleri ve Gurbet\u00e7iler Bakan\u0131 Asaad El \u015eeybani, Suriye Arap Cumhuriyeti Cumhurba\u015fkan\u0131 Say\u0131n El \u015eara&#8217;n\u0131n Bahreyn Krall\u0131\u011f\u0131&#8217;na yapt\u0131\u011f\u0131 ziyaretin ve Majesteleri Kral Hamad bin \u0130sa Al Halife ile yapt\u0131\u011f\u0131 g\u00f6r\u00fc\u015fmenin, iki \u00fclkenin kar\u015f\u0131l\u0131kl\u0131 g\u00fcven, derin sayg\u0131 ve onlar\u0131 i\u015fbirli\u011fi ve b\u00fct\u00fcnle\u015fme \u00e7er\u00e7evesinde birle\u015ftiren gelecek vaat eden bir gelece\u011fe y\u00f6nelik \u00f6zlem \u00fczerine kurulu ikili ili\u015fkilerinin tarihinde parlak ve yeni bir sayfa yazd\u0131\u011f\u0131 \u00f6nemli bir an\u0131 temsil etti\u011fini belirtti.<\/p>\n<p style=\"text-align: justify;\"><img loading=\"lazy\" decoding=\"async\" class=\"size-medium wp-image-321080 alignright\" src=\"http:\/\/sana.sy\/tr\/wp-content\/uploads\/2025\/05\/photo_3_2025-05-10_21-19-15-copy-300x200.jpg\" alt=\"\" width=\"300\" height=\"200\" srcset=\"https:\/\/archive.sana.sy\/tr\/wp-content\/uploads\/2025\/05\/photo_3_2025-05-10_21-19-15-copy-300x200.jpg 300w, https:\/\/archive.sana.sy\/tr\/wp-content\/uploads\/2025\/05\/photo_3_2025-05-10_21-19-15-copy.jpg 660w\" sizes=\"auto, (max-width: 300px) 100vw, 300px\" \/>Bahreyn Haber Ajans\u0131&#8217;n\u0131n aktard\u0131\u011f\u0131na g\u00f6re, El \u015eeybani bug\u00fcn Manama&#8217;da Bahreyn D\u0131\u015fi\u015fleri Bakan\u0131 Abdullatif bin Ra\u015fid El Zeyani ile d\u00fczenledi\u011fi ortak bas\u0131n toplant\u0131s\u0131nda \u015funlar\u0131 s\u00f6yledi: \u201cSuriye&#8217;nin kurtulu\u015funun ilk g\u00fcnlerinden bu yana Bahreyn Krall\u0131\u011f\u0131, halk\u0131m\u0131za \u00f6zg\u00fcrl\u00fck ve onurunu yeniden kazanma yolundaki me\u015fru m\u00fccadelelerinde yard\u0131m eli uzatmaktan \u00e7ekinmedi. \u00d6zellikle Majesteleri Kral&#8217;\u0131n Ba\u015fkan Sharaa&#8217;ya yazd\u0131\u011f\u0131 mektubu olmak \u00fczere resmi mektuplar\u0131 kar\u015f\u0131layan ve g\u00f6nderen ilk \u00fclkeler aras\u0131ndayd\u0131.\u201d<\/p>\n<p style=\"text-align: justify;\">El \u015eeybani, Bahreyn ile Suriye&#8217;yi birle\u015ftiren \u015feyin siyaset ve \u00e7\u0131karlar\u0131n \u00f6tesinde, samimi karde\u015flik ba\u011flar\u0131, ger\u00e7ek Arap\u00e7\u0131l\u0131k ve egemenlik, ba\u011f\u0131ms\u0131zl\u0131k ve s\u00fcrd\u00fcr\u00fclebilir kalk\u0131nma ile karakterize edilen Arap gelece\u011fine dair ortak vizyon oldu\u011funu vurgulad\u0131.<\/p>\n<p style=\"text-align: justify;\">Tarihi deneyimlerin, zorluklarla m\u00fccadele etmenin ve Arap halklar\u0131n\u0131n isteklerini ger\u00e7ekle\u015ftirmenin tek yolunun Arap i\u015f birli\u011fi oldu\u011funu kan\u0131tlad\u0131\u011f\u0131n\u0131\u00a0 kaydeden D\u0131\u015fi\u015fleri Bakan\u0131, Suriye&#8217;nin gelece\u011fe umutla bakt\u0131\u011f\u0131n\u0131 ve ba\u015fta Bahreyn ile g\u00fc\u00e7l\u00fc ili\u015fkileri olmak \u00fczere b\u00f6lgesel ortakl\u0131klar\u0131 g\u00fc\u00e7lendirmenin \u00f6neminin fark\u0131nda oldu\u011funu belirtti.<\/p>\n<p style=\"text-align: justify;\">El \u015eeybani ay\u0131ca, Suriye&#8217;nin, daha fazla refah ve kalk\u0131nma i\u00e7in ortak \u00e7\u0131karlar\u0131 ve beklentileri kar\u015f\u0131lamak amac\u0131yla ekonomik ve yat\u0131r\u0131m i\u015fbirli\u011fine daha geni\u015f kap\u0131lar a\u00e7ma konusundaki kararl\u0131l\u0131\u011f\u0131n\u0131 teyit etti ve Bahreyn&#8217;in bu a\u015famada, \u00f6zellikle yeniden yap\u0131lanma a\u015famas\u0131nda aktif bir ortak oldu\u011funu ve Suriye ekonomisinin canland\u0131r\u0131lmas\u0131 \u00e7abalar\u0131na b\u00fcy\u00fck katk\u0131 sa\u011flad\u0131\u011f\u0131n\u0131 ifade etti.<\/p>\n<p style=\"text-align: justify;\">Bakan El \u015eeybani, Suriye&#8217;nin Bahreyn&#8217;den kalk\u0131nma ve istikrara hizmet edecek her t\u00fcrl\u00fc giri\u015fime olumlu bakt\u0131\u011f\u0131n\u0131 ifade ederken, iki karde\u015f halk\u0131 birbirine ba\u011flayan k\u00f6kl\u00fc karde\u015flik ba\u011f\u0131n\u0131 g\u00f6z \u00f6n\u00fcnde bulundurarak, Suriye&#8217;nin bug\u00fcn iki \u00fclkedeki resmi kurumlar aras\u0131ndaki ileti\u015fim kanallar\u0131n\u0131 geni\u015fleterek, \u00f6zel ve kamu sekt\u00f6rleri aras\u0131ndaki ortakl\u0131klar\u0131 te\u015fvik ederek, ba\u011flar\u0131 derinle\u015ftirme ve daha sa\u011flam ve uyumlu hale getirme konusundaki isteklili\u011fini vurgulad\u0131\u011f\u0131n\u0131 da dile getirdi.<\/p>\n<p style=\"text-align: justify;\">Suriye&#8217;nin toprak ve halk b\u00fct\u00fcnl\u00fc\u011f\u00fcn\u00fc yineleyerek, \u00fclkeyi b\u00f6lmeye veya par\u00e7alamaya y\u00f6nelik her t\u00fcrl\u00fc d\u0131\u015f m\u00fcdahaleyi kesin bir dille reddetti\u011fini belirten El \u015eeybani, vatanda\u015flar\u0131n hayat\u0131n\u0131 do\u011frudan etkileyen, yeniden yap\u0131lanma ve toparlanma \u00e7abalar\u0131n\u0131 aksatan ekonomik yapt\u0131r\u0131mlar\u0131n kald\u0131r\u0131lmas\u0131 \u00e7a\u011fr\u0131s\u0131n\u0131 yineledi ve s\u00f6z konusu yapt\u0131r\u0131mlar\u0131n kald\u0131r\u0131lmas\u0131n\u0131n sadece insani veya ekonomik bir talep olmad\u0131\u011f\u0131n\u0131, ayn\u0131 zamanda Suriye&#8217;nin istikrar\u0131n\u0131n b\u00f6lgenin g\u00fcvenli\u011fi ve refah\u0131n\u0131 olumlu etkileyece\u011fini, daha fazla g\u00f6\u00e7, yoksulluk ve a\u015f\u0131r\u0131c\u0131l\u0131\u011f\u0131n \u00f6n\u00fcne ge\u00e7ece\u011fini kaydetti.<\/p>\n<p style=\"text-align: justify;\">D\u0131\u015fi\u015fleri Bakan\u0131 El \u015eeybani, Bahreyn Kral\u0131 Hazretleri, Veliaht Prens Hazretleri, D\u0131\u015fi\u015fleri Bakan\u0131 ve Bahreyn h\u00fck\u00fcmeti ve halk\u0131na c\u00f6mert\u00e7e ve karde\u015f\u00e7e kar\u015f\u0131lanmalar\u0131ndan dolay\u0131 \u015f\u00fckranlar\u0131n\u0131 sunarken, Krall\u0131\u011f\u0131n y\u00fcceli\u011fini ve refah\u0131n\u0131 s\u00fcrd\u00fcrmesini, iki karde\u015f \u00fclke aras\u0131ndaki ili\u015fkilerin daha da g\u00fc\u00e7lenerek devam etmesini temenni etti.<\/p>\n<p style=\"text-align: justify;\"><img loading=\"lazy\" decoding=\"async\" class=\"size-medium wp-image-321081 alignright\" src=\"http:\/\/sana.sy\/tr\/wp-content\/uploads\/2025\/05\/photo_1_2025-05-10_21-19-15-copy-300x200.jpg\" alt=\"\" width=\"300\" height=\"200\" srcset=\"https:\/\/archive.sana.sy\/tr\/wp-content\/uploads\/2025\/05\/photo_1_2025-05-10_21-19-15-copy-300x200.jpg 300w, https:\/\/archive.sana.sy\/tr\/wp-content\/uploads\/2025\/05\/photo_1_2025-05-10_21-19-15-copy.jpg 660w\" sizes=\"auto, (max-width: 300px) 100vw, 300px\" \/>Bahreyn D\u0131\u015fi\u015fleri Bakan\u0131 ise iki \u00fclke ve karde\u015f halklar aras\u0131ndaki tarihi, karde\u015f\u00e7e ili\u015fkilerin derinli\u011fine vurgu yapt\u0131 ve iki taraf aras\u0131ndaki g\u00f6r\u00fc\u015fmelerde, ticaret, sivil havac\u0131l\u0131k, enerji, sa\u011fl\u0131k ve e\u011fitim ba\u015fta olmak \u00fczere \u00e7e\u015fitli alanlarda ikili i\u015f birli\u011finin yollar\u0131 ve bunu daha da art\u0131rma ve geli\u015ftirme imk\u00e2nlar\u0131n\u0131n ele al\u0131nd\u0131\u011f\u0131na i\u015faret etti.<\/p>\n<p style=\"text-align: justify;\">El Zeyani ayr\u0131ca \u015funlar\u0131 belirtti: &#8221;G\u00f6r\u00fc\u015fmede, Suriye&#8217;deki son geli\u015fmeler, Suriye h\u00fck\u00fcmetinin g\u00fcvenlik ve istikrar\u0131 sa\u011flama, Suriye toplumunun t\u00fcm bile\u015fenleriyle ulusal birlik ve beraberli\u011fini koruma ve Suriye halk\u0131n\u0131n \u00f6zg\u00fcr ve onurlu bir ya\u015fam talebini kar\u015f\u0131lama y\u00f6n\u00fcndeki \u00e7abalar\u0131 ele al\u0131nd\u0131. Ayr\u0131ca, karde\u015f \u00fclkemiz Suriye&#8217;nin tarihindeki bu kritik a\u015famada siyasi, ekonomik ve kalk\u0131nma deste\u011fi almak amac\u0131yla Suriye h\u00fck\u00fcmetinin uluslararas\u0131 toplumla ileti\u015fim kurma \u00e7abalar\u0131 da g\u00f6r\u00fc\u015f\u00fcld\u00fc.&#8221;<\/p>\n<p style=\"text-align: justify;\">Bakan El Zeyani, Kral Hamad&#8217;\u0131n, Bahreyn Krall\u0131\u011f\u0131&#8217;n\u0131n Suriye&#8217;nin istikrar\u0131, egemenli\u011fi ve ba\u011f\u0131ms\u0131zl\u0131\u011f\u0131 konusundaki kararl\u0131l\u0131\u011f\u0131n\u0131 ve Suriye topraklar\u0131n\u0131n birli\u011fi ve b\u00fct\u00fcnl\u00fc\u011f\u00fcne olan deste\u011fini Cumhurba\u015fkan\u0131 El \u015eara&#8217;ya iletti\u011fini a\u00e7\u0131kayarak, Suriye&#8217;nin bar\u0131\u015f, g\u00fcvenlik ve istikrar\u0131n\u0131n sa\u011flanmas\u0131, karde\u015f Suriye halk\u0131n\u0131n beklentilerinin kar\u015f\u0131lanmas\u0131, Suriye&#8217;nin b\u00f6lgesel ve uluslararas\u0131 d\u00fczeydeki rol\u00fcn\u00fcn yeniden tesis edilmesi ve ekonomik yapt\u0131r\u0131mlar\u0131n kald\u0131r\u0131lmas\u0131 y\u00f6n\u00fcndeki \u00e7abalar\u0131na destek verdiklerini kaydetti.<\/p>\n<p style=\"text-align: justify;\">El Zeyani a\u00e7\u0131klamas\u0131n\u0131 \u015fu ifadelerle tamamlad\u0131: &#8221;Majesteleri Kral, Suriye halk\u0131n\u0131n birli\u011fini peki\u015ftirmek i\u00e7in yeni Suriye liderli\u011finin att\u0131\u011f\u0131 yap\u0131c\u0131 ad\u0131mlar\u0131 ve Suriye&#8217;nin kar\u015f\u0131 kar\u015f\u0131ya oldu\u011fu karma\u015f\u0131k zorluklar\u0131n ele al\u0131nmas\u0131nda \u00f6nemli bir yakla\u015f\u0131m te\u015fkil eden Suriye Ulusal Diyalog Konferans\u0131&#8217;n\u0131n sonu\u00e7lar\u0131n\u0131 ve b\u00f6lgede g\u00fcvenlik ve istikrar\u0131 sa\u011flamak i\u00e7in sarf etti\u011fi \u00e7abalar\u0131 takdir etti.&#8221;<\/p>\n","protected":false},"excerpt":{"rendered":"<p>MANAMA (SANA) &#8211; D\u0131\u015fi\u015fleri ve Gurbet\u00e7iler Bakan\u0131 Asaad El \u015eeybani, Suriye Arap Cumhuriyeti Cumhurba\u015fkan\u0131 Say\u0131n El \u015eara&#8217;n\u0131n Bahreyn Krall\u0131\u011f\u0131&#8217;na yapt\u0131\u011f\u0131 ziyaretin ve Majesteleri Kral Hamad bin \u0130sa Al Halife ile yapt\u0131\u011f\u0131 g\u00f6r\u00fc\u015fmenin, iki \u00fclkenin kar\u015f\u0131l\u0131kl\u0131 g\u00fcven, derin sayg\u0131 ve onlar\u0131 i\u015fbirli\u011fi ve b\u00fct\u00fcnle\u015fme \u00e7er\u00e7evesinde birle\u015ftiren gelecek vaat eden bir gelece\u011fe y\u00f6nelik \u00f6zlem \u00fczerine kurulu ikili &hellip;<\/p>\n","protected":false},"author":36,"featured_media":321082,"comment_status":"closed","ping_status":"closed","sticky":false,"template":"","format":"standard","meta":{"footnotes":""},"categories":[458,459,17988],"tags":[],"class_list":["post-321079","post","type-post","status-publish","format-standard","has-post-thumbnail","","category-dunya1","category-haberler-arap-uluslararasi-politika","category-son-haberler"],"_links":{"self":[{"href":"https:\/\/archive.sana.sy\/tr\/index.php?rest_route=\/wp\/v2\/posts\/321079","targetHints":{"allow":["GET"]}}],"collection":[{"href":"https:\/\/archive.sana.sy\/tr\/index.php?rest_route=\/wp\/v2\/posts"}],"about":[{"href":"https:\/\/archive.sana.sy\/tr\/index.php?rest_route=\/wp\/v2\/types\/post"}],"author":[{"embeddable":true,"href":"https:\/\/archive.sana.sy\/tr\/index.php?rest_route=\/wp\/v2\/users\/36"}],"replies":[{"embeddable":true,"href":"https:\/\/archive.sana.sy\/tr\/index.php?rest_route=%2Fwp%2Fv2%2Fcomments&post=321079"}],"version-history":[{"count":1,"href":"https:\/\/archive.sana.sy\/tr\/index.php?rest_route=\/wp\/v2\/posts\/321079\/revisions"}],"predecessor-version":[{"id":321083,"href":"https:\/\/archive.sana.sy\/tr\/index.php?rest_route=\/wp\/v2\/posts\/321079\/revisions\/321083"}],"wp:featuredmedia":[{"embeddable":true,"href":"https:\/\/archive.sana.sy\/tr\/index.php?rest_route=\/wp\/v2\/media\/321082"}],"wp:attachment":[{"href":"https:\/\/archive.sana.sy\/tr\/index.php?rest_route=%2Fwp%2Fv2%2Fmedia&parent=321079"}],"wp:term":[{"taxonomy":"category","embeddable":true,"href":"https:\/\/archive.sana.sy\/tr\/index.php?rest_route=%2Fwp%2Fv2%2Fcategories&post=321079"},{"taxonomy":"post_tag","embeddable":true,"href":"https:\/\/archive.sana.sy\/tr\/index.php?rest_route=%2Fwp%2Fv2%2Ftags&post=321079"}],"curies":[{"name":"wp","href":"https:\/\/api.w.org\/{rel}","templated":true}]}}