{"id":321084,"date":"2025-05-11T08:36:22","date_gmt":"2025-05-11T05:36:22","guid":{"rendered":"https:\/\/sana.sy\/tr\/?p=321084"},"modified":"2025-05-11T08:36:22","modified_gmt":"2025-05-11T05:36:22","slug":"icisleri-ve-yuksekogretim-bakanlari-suveydadan-gelen-bir-heyetle-ildeki-ogrencilerin-ogrenim-gorecekleri-yerlere-ulasiminin-saglanmasi-yollarini-gorustu","status":"publish","type":"post","link":"https:\/\/archive.sana.sy\/tr\/?p=321084","title":{"rendered":"\u0130\u00e7i\u015fleri Ve Y\u00fcksek\u00f6\u011fretim Bakanlar\u0131, S\u00fcveyda&#8217;dan Gelen Bir Heyetle, \u0130ldeki \u00d6\u011frencilerin \u00d6\u011frenim G\u00f6recekleri Yerlere Ula\u015f\u0131m\u0131n\u0131n Sa\u011flanmas\u0131 Yollar\u0131n\u0131 G\u00f6r\u00fc\u015ft\u00fc"},"content":{"rendered":"<p style=\"text-align: justify;\"><strong>\u015eAM (SANA) &#8211;<\/strong> \u0130\u00e7i\u015fleri Bakan\u0131 Enes Hattab, Y\u00fcksek \u00d6\u011fretim Bakan\u0131\u00a0 Mervan Halabi&#8217;nin huzurunda, S\u00fcveyde Valisi Mustafa Bekkur ba\u015fkanl\u0131\u011f\u0131ndaki S\u00fcveyde Valili\u011fi&#8217;nden ileri gelen ve tan\u0131nm\u0131\u015f ki\u015filerden olu\u015fan bir heyeti kabul etti.<\/p>\n<p style=\"text-align: justify;\">G\u00f6r\u00fc\u015fmede, valilikteki \u00f6\u011frencilerin durumlar\u0131 ile ilgili son geli\u015fmeler ele al\u0131n\u0131rken, \u00f6\u011frencilerin okullar\u0131na ula\u015f\u0131mlar\u0131n\u0131n sa\u011flanmas\u0131, g\u00fcvenli ve istikrarl\u0131 ko\u015fullarda e\u011fitimlerine devam edebilmeleri i\u00e7in neler yap\u0131lmas\u0131 gerekti\u011fi g\u00f6r\u00fc\u015f\u00fcld\u00fc.<\/p>\n<div id='gallery-1' class='gallery galleryid-321084 gallery-columns-3 gallery-size-full'><figure class='gallery-item'>\n\t\t\t<div class='gallery-icon landscape'>\n\t\t\t\t<a href='https:\/\/archive.sana.sy\/tr\/wp-content\/uploads\/2025\/05\/photo_1_2025-05-10_21-29-43-copy.jpg'><img loading=\"lazy\" decoding=\"async\" width=\"660\" height=\"440\" src=\"https:\/\/archive.sana.sy\/tr\/wp-content\/uploads\/2025\/05\/photo_1_2025-05-10_21-29-43-copy.jpg\" class=\"attachment-full size-full\" alt=\"\" srcset=\"https:\/\/archive.sana.sy\/tr\/wp-content\/uploads\/2025\/05\/photo_1_2025-05-10_21-29-43-copy.jpg 660w, https:\/\/archive.sana.sy\/tr\/wp-content\/uploads\/2025\/05\/photo_1_2025-05-10_21-29-43-copy-300x200.jpg 300w\" sizes=\"auto, (max-width: 660px) 100vw, 660px\" \/><\/a>\n\t\t\t<\/div><\/figure><figure class='gallery-item'>\n\t\t\t<div class='gallery-icon landscape'>\n\t\t\t\t<a href='https:\/\/archive.sana.sy\/tr\/wp-content\/uploads\/2025\/05\/photo_2_2025-05-10_21-29-43-copy.jpg'><img loading=\"lazy\" decoding=\"async\" width=\"660\" height=\"440\" src=\"https:\/\/archive.sana.sy\/tr\/wp-content\/uploads\/2025\/05\/photo_2_2025-05-10_21-29-43-copy.jpg\" class=\"attachment-full size-full\" alt=\"\" srcset=\"https:\/\/archive.sana.sy\/tr\/wp-content\/uploads\/2025\/05\/photo_2_2025-05-10_21-29-43-copy.jpg 660w, https:\/\/archive.sana.sy\/tr\/wp-content\/uploads\/2025\/05\/photo_2_2025-05-10_21-29-43-copy-300x200.jpg 300w\" sizes=\"auto, (max-width: 660px) 100vw, 660px\" \/><\/a>\n\t\t\t<\/div><\/figure><figure class='gallery-item'>\n\t\t\t<div class='gallery-icon landscape'>\n\t\t\t\t<a href='https:\/\/archive.sana.sy\/tr\/wp-content\/uploads\/2025\/05\/photo_4_2025-05-10_21-29-43-copy.jpg'><img loading=\"lazy\" decoding=\"async\" width=\"660\" height=\"440\" src=\"https:\/\/archive.sana.sy\/tr\/wp-content\/uploads\/2025\/05\/photo_4_2025-05-10_21-29-43-copy.jpg\" class=\"attachment-full size-full\" alt=\"\" srcset=\"https:\/\/archive.sana.sy\/tr\/wp-content\/uploads\/2025\/05\/photo_4_2025-05-10_21-29-43-copy.jpg 660w, https:\/\/archive.sana.sy\/tr\/wp-content\/uploads\/2025\/05\/photo_4_2025-05-10_21-29-43-copy-300x200.jpg 300w\" sizes=\"auto, (max-width: 660px) 100vw, 660px\" \/><\/a>\n\t\t\t<\/div><\/figure>\n\t\t<\/div>\n\n","protected":false},"excerpt":{"rendered":"<p>\u015eAM (SANA) &#8211; \u0130\u00e7i\u015fleri Bakan\u0131 Enes Hattab, Y\u00fcksek \u00d6\u011fretim Bakan\u0131\u00a0 Mervan Halabi&#8217;nin huzurunda, S\u00fcveyde Valisi Mustafa Bekkur ba\u015fkanl\u0131\u011f\u0131ndaki S\u00fcveyde Valili\u011fi&#8217;nden ileri gelen ve tan\u0131nm\u0131\u015f ki\u015filerden olu\u015fan bir heyeti kabul etti. G\u00f6r\u00fc\u015fmede, valilikteki \u00f6\u011frencilerin durumlar\u0131 ile ilgili son geli\u015fmeler ele al\u0131n\u0131rken, \u00f6\u011frencilerin okullar\u0131na ula\u015f\u0131mlar\u0131n\u0131n sa\u011flanmas\u0131, g\u00fcvenli ve istikrarl\u0131 ko\u015fullarda e\u011fitimlerine devam edebilmeleri i\u00e7in neler yap\u0131lmas\u0131 gerekti\u011fi &hellip;<\/p>\n","protected":false},"author":36,"featured_media":321088,"comment_status":"closed","ping_status":"closed","sticky":false,"template":"","format":"standard","meta":{"footnotes":""},"categories":[589,479,17988,478],"tags":[],"class_list":["post-321084","post","type-post","status-publish","format-standard","has-post-thumbnail","","category-haber-seridi","category-haberler-yerel","category-son-haberler","category-yerel"],"_links":{"self":[{"href":"https:\/\/archive.sana.sy\/tr\/index.php?rest_route=\/wp\/v2\/posts\/321084","targetHints":{"allow":["GET"]}}],"collection":[{"href":"https:\/\/archive.sana.sy\/tr\/index.php?rest_route=\/wp\/v2\/posts"}],"about":[{"href":"https:\/\/archive.sana.sy\/tr\/index.php?rest_route=\/wp\/v2\/types\/post"}],"author":[{"embeddable":true,"href":"https:\/\/archive.sana.sy\/tr\/index.php?rest_route=\/wp\/v2\/users\/36"}],"replies":[{"embeddable":true,"href":"https:\/\/archive.sana.sy\/tr\/index.php?rest_route=%2Fwp%2Fv2%2Fcomments&post=321084"}],"version-history":[{"count":1,"href":"https:\/\/archive.sana.sy\/tr\/index.php?rest_route=\/wp\/v2\/posts\/321084\/revisions"}],"predecessor-version":[{"id":321089,"href":"https:\/\/archive.sana.sy\/tr\/index.php?rest_route=\/wp\/v2\/posts\/321084\/revisions\/321089"}],"wp:featuredmedia":[{"embeddable":true,"href":"https:\/\/archive.sana.sy\/tr\/index.php?rest_route=\/wp\/v2\/media\/321088"}],"wp:attachment":[{"href":"https:\/\/archive.sana.sy\/tr\/index.php?rest_route=%2Fwp%2Fv2%2Fmedia&parent=321084"}],"wp:term":[{"taxonomy":"category","embeddable":true,"href":"https:\/\/archive.sana.sy\/tr\/index.php?rest_route=%2Fwp%2Fv2%2Fcategories&post=321084"},{"taxonomy":"post_tag","embeddable":true,"href":"https:\/\/archive.sana.sy\/tr\/index.php?rest_route=%2Fwp%2Fv2%2Ftags&post=321084"}],"curies":[{"name":"wp","href":"https:\/\/api.w.org\/{rel}","templated":true}]}}