{"id":321090,"date":"2025-05-11T11:33:20","date_gmt":"2025-05-11T08:33:20","guid":{"rendered":"https:\/\/sana.sy\/tr\/?p=321090"},"modified":"2025-05-11T15:19:16","modified_gmt":"2025-05-11T12:19:16","slug":"dso-16-milyon-suriyelinin-acil-saglik-destegine-ihtiyaci-var","status":"publish","type":"post","link":"https:\/\/archive.sana.sy\/tr\/?p=321090","title":{"rendered":"DS\u00d6: 16 Milyon Suriyelinin Acil Sa\u011fl\u0131k Deste\u011fine \u0130htiyac\u0131 Var"},"content":{"rendered":"<p style=\"text-align: justify;\"><span style=\"color: #800000;\"><strong>CENEVRE (SANA)<\/strong> <\/span>&#8211; D\u00fcnya Sa\u011fl\u0131k \u00d6rg\u00fct\u00fc Genel Direkt\u00f6r\u00fc Tedros Adhanom Ghebreyesus, Suriye&#8217;de yakla\u015f\u0131k 16 milyon ki\u015finin sa\u011fl\u0131k deste\u011fine acil ihtiya\u00e7 duydu\u011funu a\u00e7\u0131klarken, &#8220;Ba\u011f\u0131\u015f\u00e7\u0131lar\u0131 desteklerini art\u0131rmaya \u00e7a\u011f\u0131r\u0131yoruz \u00e7\u00fcnk\u00fc insanlar\u0131n hayat\u0131 buna ba\u011fl\u0131&#8221; dedi.<\/p>\n<p style=\"text-align: justify;\">Ghebreyesus d\u00fcn X hesab\u0131ndan yapt\u0131\u011f\u0131 payla\u015f\u0131mda, &#8220;Suriye genelinde yakla\u015f\u0131k 16 milyon insan\u0131n acil insani sa\u011fl\u0131k yard\u0131m\u0131na ihtiyac\u0131 var&#8221;dedi.<\/p>\n<p style=\"text-align: justify;\">Yerinden edilme nedeniyle a\u011f\u0131r \u015fekilde etkilenenlere ruh sa\u011fl\u0131\u011f\u0131 hizmetlerinin sa\u011fland\u0131\u011f\u0131n\u0131 belirten Guterres, ihtiyac\u0131n \u00e7ok daha b\u00fcy\u00fck oldu\u011funu s\u00f6yledi.<\/p>\n<p style=\"text-align: justify;\">Ghebreyesus, Birle\u015fmi\u015f Milletler Merkez Acil Durum M\u00fcdahale Fonu&#8217;ndan gelen 3 milyon dolarl\u0131k katk\u0131 sayesinde, kurulu\u015fun 500 binden fazla ki\u015fiye hayat kurtar\u0131c\u0131 sa\u011fl\u0131k hizmetleri ula\u015ft\u0131rd\u0131\u011f\u0131n\u0131 ve temel t\u0131bbi hizmetleri sa\u011flad\u0131\u011f\u0131n\u0131 da kaydetti.<\/p>\n","protected":false},"excerpt":{"rendered":"<p>CENEVRE (SANA) &#8211; D\u00fcnya Sa\u011fl\u0131k \u00d6rg\u00fct\u00fc Genel Direkt\u00f6r\u00fc Tedros Adhanom Ghebreyesus, Suriye&#8217;de yakla\u015f\u0131k 16 milyon ki\u015finin sa\u011fl\u0131k deste\u011fine acil ihtiya\u00e7 duydu\u011funu a\u00e7\u0131klarken, &#8220;Ba\u011f\u0131\u015f\u00e7\u0131lar\u0131 desteklerini art\u0131rmaya \u00e7a\u011f\u0131r\u0131yoruz \u00e7\u00fcnk\u00fc insanlar\u0131n hayat\u0131 buna ba\u011fl\u0131&#8221; dedi. Ghebreyesus d\u00fcn X hesab\u0131ndan yapt\u0131\u011f\u0131 payla\u015f\u0131mda, &#8220;Suriye genelinde yakla\u015f\u0131k 16 milyon insan\u0131n acil insani sa\u011fl\u0131k yard\u0131m\u0131na ihtiyac\u0131 var&#8221;dedi. Yerinden edilme nedeniyle a\u011f\u0131r \u015fekilde &hellip;<\/p>\n","protected":false},"author":36,"featured_media":321091,"comment_status":"closed","ping_status":"closed","sticky":false,"template":"","format":"standard","meta":{"footnotes":""},"categories":[458,589,459,17988],"tags":[],"class_list":["post-321090","post","type-post","status-publish","format-standard","has-post-thumbnail","","category-dunya1","category-haber-seridi","category-haberler-arap-uluslararasi-politika","category-son-haberler"],"_links":{"self":[{"href":"https:\/\/archive.sana.sy\/tr\/index.php?rest_route=\/wp\/v2\/posts\/321090","targetHints":{"allow":["GET"]}}],"collection":[{"href":"https:\/\/archive.sana.sy\/tr\/index.php?rest_route=\/wp\/v2\/posts"}],"about":[{"href":"https:\/\/archive.sana.sy\/tr\/index.php?rest_route=\/wp\/v2\/types\/post"}],"author":[{"embeddable":true,"href":"https:\/\/archive.sana.sy\/tr\/index.php?rest_route=\/wp\/v2\/users\/36"}],"replies":[{"embeddable":true,"href":"https:\/\/archive.sana.sy\/tr\/index.php?rest_route=%2Fwp%2Fv2%2Fcomments&post=321090"}],"version-history":[{"count":2,"href":"https:\/\/archive.sana.sy\/tr\/index.php?rest_route=\/wp\/v2\/posts\/321090\/revisions"}],"predecessor-version":[{"id":321104,"href":"https:\/\/archive.sana.sy\/tr\/index.php?rest_route=\/wp\/v2\/posts\/321090\/revisions\/321104"}],"wp:featuredmedia":[{"embeddable":true,"href":"https:\/\/archive.sana.sy\/tr\/index.php?rest_route=\/wp\/v2\/media\/321091"}],"wp:attachment":[{"href":"https:\/\/archive.sana.sy\/tr\/index.php?rest_route=%2Fwp%2Fv2%2Fmedia&parent=321090"}],"wp:term":[{"taxonomy":"category","embeddable":true,"href":"https:\/\/archive.sana.sy\/tr\/index.php?rest_route=%2Fwp%2Fv2%2Fcategories&post=321090"},{"taxonomy":"post_tag","embeddable":true,"href":"https:\/\/archive.sana.sy\/tr\/index.php?rest_route=%2Fwp%2Fv2%2Ftags&post=321090"}],"curies":[{"name":"wp","href":"https:\/\/api.w.org\/{rel}","templated":true}]}}