{"id":321093,"date":"2025-05-11T11:43:13","date_gmt":"2025-05-11T08:43:13","guid":{"rendered":"https:\/\/sana.sy\/tr\/?p=321093"},"modified":"2025-05-11T15:17:59","modified_gmt":"2025-05-11T12:17:59","slug":"bahreyn-gazetesi-el-bilad-baskan-saranin-manama-ziyareti-suriye-ile-bahreyn-arasindaki-koklu-tarihi-ve-kardeslik-baglarini-dogruluyor","status":"publish","type":"post","link":"https:\/\/archive.sana.sy\/tr\/?p=321093","title":{"rendered":"Bahreyn Gazetesi &#8220;El Bilad&#8221;: Ba\u015fkan \u015eara&#8217;n\u0131n Manama Ziyareti, Suriye \u0130le Bahreyn Aras\u0131ndaki K\u00f6kl\u00fc Tarihi ve Karde\u015flik Ba\u011flar\u0131n\u0131 Do\u011fruluyor"},"content":{"rendered":"<p style=\"text-align: justify;\"><span style=\"color: #800000;\"><strong>MANAMA (SANA)<\/strong> <\/span>&#8211; Bahreyn gazetesi &#8220;El Bilad&#8221;, Suriye Cumhurba\u015fkan\u0131 Ahmed El \u015eara&#8217;n\u0131n Bahreyn Krall\u0131\u011f\u0131&#8217;n\u0131 ziyareti ve Kral Hamad bin \u0130sa Al Halife ile g\u00f6r\u00fc\u015fmesinin, iki \u00fclke aras\u0131ndaki karde\u015flik ili\u015fkilerinin derinli\u011fi ve Bahreyn&#8217;in b\u00f6lgesel istikrar\u0131n sa\u011flanmas\u0131nda Arap diyalo\u011fu ve a\u00e7\u0131kl\u0131\u011f\u0131n\u0131n \u00f6nemine olan sars\u0131lmaz inanc\u0131 a\u00e7\u0131s\u0131ndan b\u00fcy\u00fck \u00f6nem ta\u015f\u0131d\u0131\u011f\u0131n\u0131 belirtti.<\/p>\n<p style=\"text-align: justify;\">Gazete, bug\u00fcn \u201cBahreyn Suriye\u2019nin Birli\u011fini ve \u0130stikrar\u0131n\u0131 Destekliyor\u201d ba\u015fl\u0131kl\u0131 ba\u015fyaz\u0131s\u0131nda, \u201cKral Hamad bin \u0130sa Al Halife\u2019nin Cumhurba\u015fkan\u0131 \u015eara ile g\u00f6r\u00fc\u015fmesinde dile getirdi\u011fi tutumlar, devletlerin egemenli\u011fine sayg\u0131 g\u00f6sterme, Suriye topraklar\u0131n\u0131n birli\u011fini destekleme, g\u00fcvenlik ve istikrar\u0131 koruma ve karde\u015f Suriye halk\u0131n\u0131n isteklerini kar\u015f\u0131lama \u00e7abalar\u0131n\u0131 destekleme temeline dayanan Bahreyn politikas\u0131n\u0131n ilkelerini teyit etmektedir\u201d ifadelerini kulland\u0131.<\/p>\n<p style=\"text-align: justify;\">Gazete ayr\u0131ca, &#8220;Ortak \u00e7\u0131karlara hizmet edecek ve Arap entegrasyonuna yeni ufuklar a\u00e7acak \u015fekilde, ikili anla\u015fmalar\u0131n etkinle\u015ftirilmesi ve \u00e7e\u015fitli alanlarda ortak i\u015f birli\u011fi alanlar\u0131n\u0131n geni\u015fletilmesinin \u00f6nemine kar\u015f\u0131l\u0131kl\u0131 vurgu yap\u0131lmas\u0131 dikkat \u00e7ekiciydi&#8221; ifadelerine yer verdi.<\/p>\n<p style=\"text-align: justify;\">Gazete, &#8220;B\u00f6lgenin kar\u015f\u0131 kar\u015f\u0131ya oldu\u011fu zorluklar \u0131\u015f\u0131\u011f\u0131nda, bu ziyaret Bahreyn ile Suriye aras\u0131ndaki ili\u015fkilerin resmi \u00e7er\u00e7evelerin \u00f6tesinde k\u00f6kl\u00fc tarihi ve karde\u015flik ba\u011flar\u0131na dayand\u0131\u011f\u0131n\u0131, d\u00fc\u015f\u00fcnceli ve sorumlu bir a\u00e7\u0131kl\u0131\u011f\u0131n Arap dayan\u0131\u015fmas\u0131n\u0131 g\u00fc\u00e7lendirmenin ve g\u00fcvenlik ve kalk\u0131nma yollar\u0131n\u0131 desteklemenin en etkili yolu oldu\u011funu bir kez daha vurgulamaktad\u0131r&#8221; ifadelerini de kulland\u0131.<\/p>\n","protected":false},"excerpt":{"rendered":"<p>MANAMA (SANA) &#8211; Bahreyn gazetesi &#8220;El Bilad&#8221;, Suriye Cumhurba\u015fkan\u0131 Ahmed El \u015eara&#8217;n\u0131n Bahreyn Krall\u0131\u011f\u0131&#8217;n\u0131 ziyareti ve Kral Hamad bin \u0130sa Al Halife ile g\u00f6r\u00fc\u015fmesinin, iki \u00fclke aras\u0131ndaki karde\u015flik ili\u015fkilerinin derinli\u011fi ve Bahreyn&#8217;in b\u00f6lgesel istikrar\u0131n sa\u011flanmas\u0131nda Arap diyalo\u011fu ve a\u00e7\u0131kl\u0131\u011f\u0131n\u0131n \u00f6nemine olan sars\u0131lmaz inanc\u0131 a\u00e7\u0131s\u0131ndan b\u00fcy\u00fck \u00f6nem ta\u015f\u0131d\u0131\u011f\u0131n\u0131 belirtti. Gazete, bug\u00fcn \u201cBahreyn Suriye\u2019nin Birli\u011fini ve \u0130stikrar\u0131n\u0131 &hellip;<\/p>\n","protected":false},"author":36,"featured_media":321094,"comment_status":"closed","ping_status":"closed","sticky":false,"template":"","format":"standard","meta":{"footnotes":""},"categories":[458,589,459,17988],"tags":[],"class_list":["post-321093","post","type-post","status-publish","format-standard","has-post-thumbnail","","category-dunya1","category-haber-seridi","category-haberler-arap-uluslararasi-politika","category-son-haberler"],"_links":{"self":[{"href":"https:\/\/archive.sana.sy\/tr\/index.php?rest_route=\/wp\/v2\/posts\/321093","targetHints":{"allow":["GET"]}}],"collection":[{"href":"https:\/\/archive.sana.sy\/tr\/index.php?rest_route=\/wp\/v2\/posts"}],"about":[{"href":"https:\/\/archive.sana.sy\/tr\/index.php?rest_route=\/wp\/v2\/types\/post"}],"author":[{"embeddable":true,"href":"https:\/\/archive.sana.sy\/tr\/index.php?rest_route=\/wp\/v2\/users\/36"}],"replies":[{"embeddable":true,"href":"https:\/\/archive.sana.sy\/tr\/index.php?rest_route=%2Fwp%2Fv2%2Fcomments&post=321093"}],"version-history":[{"count":3,"href":"https:\/\/archive.sana.sy\/tr\/index.php?rest_route=\/wp\/v2\/posts\/321093\/revisions"}],"predecessor-version":[{"id":321103,"href":"https:\/\/archive.sana.sy\/tr\/index.php?rest_route=\/wp\/v2\/posts\/321093\/revisions\/321103"}],"wp:featuredmedia":[{"embeddable":true,"href":"https:\/\/archive.sana.sy\/tr\/index.php?rest_route=\/wp\/v2\/media\/321094"}],"wp:attachment":[{"href":"https:\/\/archive.sana.sy\/tr\/index.php?rest_route=%2Fwp%2Fv2%2Fmedia&parent=321093"}],"wp:term":[{"taxonomy":"category","embeddable":true,"href":"https:\/\/archive.sana.sy\/tr\/index.php?rest_route=%2Fwp%2Fv2%2Fcategories&post=321093"},{"taxonomy":"post_tag","embeddable":true,"href":"https:\/\/archive.sana.sy\/tr\/index.php?rest_route=%2Fwp%2Fv2%2Ftags&post=321093"}],"curies":[{"name":"wp","href":"https:\/\/api.w.org\/{rel}","templated":true}]}}