{"id":321096,"date":"2025-05-11T12:57:15","date_gmt":"2025-05-11T09:57:15","guid":{"rendered":"https:\/\/sana.sy\/tr\/?p=321096"},"modified":"2025-05-11T15:16:03","modified_gmt":"2025-05-11T12:16:03","slug":"suriyenin-icislerine-yabanci-mudahale-girisimleri-uluslararasi-hukukun-acik-bir-ihlali","status":"publish","type":"post","link":"https:\/\/archive.sana.sy\/tr\/?p=321096","title":{"rendered":"Suriye&#8217;nin \u0130\u00e7i\u015flerine Yabanc\u0131 M\u00fcdahale Giri\u015fimleri.. Uluslararas\u0131 Hukukun A\u00e7\u0131k Bir \u0130hlalidir"},"content":{"rendered":"<p style=\"text-align: justify;\"><span style=\"color: #800000;\"><strong>\u015eAM (SANA)<\/strong> <\/span>&#8211; Suriye, d\u00fcn D\u0131\u015fi\u015fleri ve Gurbet\u00e7iler Bakan\u0131 Say\u0131n Asaad El \u015eeybani&#8217;nin, Bahreyn D\u0131\u015fi\u015fleri Bakan\u0131\u00a0 Abdullatif bin Ra\u015fid El Zeyani ile Manama&#8217;da d\u00fczenledi\u011fi ortak bas\u0131n toplant\u0131s\u0131nda: topraklar\u0131n\u0131n ve halk\u0131n\u0131n birli\u011fine olan ba\u011fl\u0131l\u0131\u011f\u0131n\u0131 yineledi ve kendisini b\u00f6lmeyi veya par\u00e7alamay\u0131 ama\u00e7layan her t\u00fcrl\u00fc d\u0131\u015f m\u00fcdahaleyi kategorik olarak reddetti\u011fini belirtti.<\/p>\n<p style=\"text-align: justify;\">D\u0131\u015fi\u015fleri ve Gurbet\u00e7iler Bakanl\u0131\u011f\u0131&#8217;n\u0131n 30 Nisan&#8217;da yapt\u0131\u011f\u0131 a\u00e7\u0131klamada, &#8220;Suriye Arap Cumhuriyeti&#8217;nin, i\u00e7i\u015flerine y\u00f6nelik her t\u00fcrl\u00fc yabanc\u0131 m\u00fcdahaleyi kesin bir \u015fekilde reddetti\u011fi&#8221; belirtirken, Suriye topraklar\u0131nda \u015fiddet eylemlerine kat\u0131lan yasad\u0131\u015f\u0131 gruplar\u0131n son d\u00f6nemde s\u00f6zde uluslararas\u0131 koruma talep eden \u00e7a\u011fr\u0131lar\u0131n\u0131 gayrime\u015fru ve tamamen kabul edilemez olarak de\u011ferlendirmektedir&#8221; ifadelerine yer verdi.<\/p>\n<p style=\"text-align: justify;\">Bug\u00fcn \u0130srail&#8217;in Suriye&#8217;ye y\u00f6nelik tekrarlanan sald\u0131r\u0131lar\u0131, Suriye&#8217;nin i\u00e7i\u015flerine kar\u0131\u015fma y\u00f6n\u00fcndeki umutsuz giri\u015fimleri, Suriye halk\u0131 aras\u0131nda nifak ve ayr\u0131l\u0131k tohumlar\u0131 ekme \u00e7abalar\u0131, her t\u00fcrl\u00fc d\u0131\u015f m\u00fcdahaleyi kesin olarak yasaklayan ve devletlerin egemenli\u011fine ve birli\u011fine sayg\u0131y\u0131 vurgulayan uluslararas\u0131 hukukun temel ilkelerine ve kavramlar\u0131na geri d\u00f6nmenin \u00f6nemini hat\u0131rlatmaktad\u0131r.<\/p>\n<p style=\"text-align: justify;\">Birle\u015fmi\u015f Milletlerin kurulu\u015fundan bu yana, devletlerin egemenlik ve ba\u011f\u0131ms\u0131zl\u0131\u011f\u0131 ilkesi vurgulanm\u0131\u015f, bu devletlerin i\u00e7i\u015flerine m\u00fcdahale, bu devletlerin istikrar\u0131, g\u00fcvenli\u011fi ve halklar\u0131n\u0131n ya\u015fam\u0131 \u00fczerindeki y\u0131k\u0131c\u0131 sonu\u00e7lar\u0131 nedeniyle yasaklanm\u0131\u015f ve reddedilmi\u015ftir.<\/p>\n<p style=\"text-align: justify;\">Birle\u015fmi\u015f Milletler Genel Kurulu da kurulu\u015fundan bug\u00fcne kadar \u00e7ok say\u0131da karar alarak, devletleri di\u011fer devletlerin i\u00e7 i\u015flerine kar\u0131\u015fmamaya \u00e7a\u011f\u0131rm\u0131\u015f, m\u00fcdahaleyi me\u015fruiyeti olmayan ve k\u0131nanmas\u0131 gereken bir eylem olarak de\u011ferlendirmi\u015ftir.<\/p>\n<p style=\"text-align: justify;\">Suriye, son ony\u0131llarda d\u0131\u015f m\u00fcdahalelerden b\u00fcy\u00fck zarar g\u00f6rd\u00fc; \u0130srail varl\u0131\u011f\u0131 Golan Tepeleri&#8217;ni i\u015fgal etti, halk\u0131n\u0131 yerinden etti ve k\u00f6ylerini y\u0131karak yerlerine d\u00fcnyan\u0131n d\u00f6rt bir yan\u0131ndan getirdi\u011fi g\u00f6\u00e7menler i\u00e7in yerle\u015fim yerleri in\u015fa etti.<\/p>\n<p style=\"text-align: justify;\">Bu arada eski rejim, Suriye halk\u0131yla \u00e7at\u0131\u015fmas\u0131nda kendisine destek olmas\u0131 i\u00e7in \u0130ran ve Rusya&#8217;n\u0131n d\u0131\u015f m\u00fcdahalesini sa\u011flamaya \u00e7al\u0131\u015ft\u0131 ve bu da y\u00fcz binlerce can kayb\u0131na, geni\u015f \u00e7apl\u0131 y\u0131k\u0131ma ve milyonlarca Suriyelinin yerinden edilmesine yol a\u00e7t\u0131.<\/p>\n<p style=\"text-align: justify;\">B\u00fct\u00fcn bu veriler, \u00fclkemizin i\u00e7i\u015flerine yabanc\u0131 m\u00fcdahale tehlikesinin fark\u0131nda olunmas\u0131, uluslararas\u0131 hukuka ve Birle\u015fmi\u015f Milletler S\u00f6zle\u015fmesi&#8217;ne dayanarak, halk\u0131m\u0131z\u0131n bilincine vararak, nifak ve b\u00f6l\u00fcc\u00fcl\u00fck giri\u015fimlerine kar\u015f\u0131 \u00e7\u0131karak, birlik, beraberlik ve ba\u011f\u0131ms\u0131z karar alma konusunda kararl\u0131l\u0131kla hareket edilmesi, y\u00f6ntem ve ara\u00e7lar\u0131n\u0131n te\u015fhir edilmesi ve buna kar\u015f\u0131 \u00e7\u0131k\u0131lmas\u0131 gereklili\u011fini ortaya koymaktad\u0131r.<\/p>\n","protected":false},"excerpt":{"rendered":"<p>\u015eAM (SANA) &#8211; Suriye, d\u00fcn D\u0131\u015fi\u015fleri ve Gurbet\u00e7iler Bakan\u0131 Say\u0131n Asaad El \u015eeybani&#8217;nin, Bahreyn D\u0131\u015fi\u015fleri Bakan\u0131\u00a0 Abdullatif bin Ra\u015fid El Zeyani ile Manama&#8217;da d\u00fczenledi\u011fi ortak bas\u0131n toplant\u0131s\u0131nda: topraklar\u0131n\u0131n ve halk\u0131n\u0131n birli\u011fine olan ba\u011fl\u0131l\u0131\u011f\u0131n\u0131 yineledi ve kendisini b\u00f6lmeyi veya par\u00e7alamay\u0131 ama\u00e7layan her t\u00fcrl\u00fc d\u0131\u015f m\u00fcdahaleyi kategorik olarak reddetti\u011fini belirtti. D\u0131\u015fi\u015fleri ve Gurbet\u00e7iler Bakanl\u0131\u011f\u0131&#8217;n\u0131n 30 Nisan&#8217;da yapt\u0131\u011f\u0131 &hellip;<\/p>\n","protected":false},"author":36,"featured_media":321097,"comment_status":"closed","ping_status":"closed","sticky":false,"template":"","format":"standard","meta":{"footnotes":""},"categories":[589,479,17988,478],"tags":[],"class_list":["post-321096","post","type-post","status-publish","format-standard","has-post-thumbnail","","category-haber-seridi","category-haberler-yerel","category-son-haberler","category-yerel"],"_links":{"self":[{"href":"https:\/\/archive.sana.sy\/tr\/index.php?rest_route=\/wp\/v2\/posts\/321096","targetHints":{"allow":["GET"]}}],"collection":[{"href":"https:\/\/archive.sana.sy\/tr\/index.php?rest_route=\/wp\/v2\/posts"}],"about":[{"href":"https:\/\/archive.sana.sy\/tr\/index.php?rest_route=\/wp\/v2\/types\/post"}],"author":[{"embeddable":true,"href":"https:\/\/archive.sana.sy\/tr\/index.php?rest_route=\/wp\/v2\/users\/36"}],"replies":[{"embeddable":true,"href":"https:\/\/archive.sana.sy\/tr\/index.php?rest_route=%2Fwp%2Fv2%2Fcomments&post=321096"}],"version-history":[{"count":4,"href":"https:\/\/archive.sana.sy\/tr\/index.php?rest_route=\/wp\/v2\/posts\/321096\/revisions"}],"predecessor-version":[{"id":321101,"href":"https:\/\/archive.sana.sy\/tr\/index.php?rest_route=\/wp\/v2\/posts\/321096\/revisions\/321101"}],"wp:featuredmedia":[{"embeddable":true,"href":"https:\/\/archive.sana.sy\/tr\/index.php?rest_route=\/wp\/v2\/media\/321097"}],"wp:attachment":[{"href":"https:\/\/archive.sana.sy\/tr\/index.php?rest_route=%2Fwp%2Fv2%2Fmedia&parent=321096"}],"wp:term":[{"taxonomy":"category","embeddable":true,"href":"https:\/\/archive.sana.sy\/tr\/index.php?rest_route=%2Fwp%2Fv2%2Fcategories&post=321096"},{"taxonomy":"post_tag","embeddable":true,"href":"https:\/\/archive.sana.sy\/tr\/index.php?rest_route=%2Fwp%2Fv2%2Ftags&post=321096"}],"curies":[{"name":"wp","href":"https:\/\/api.w.org\/{rel}","templated":true}]}}