{"id":321105,"date":"2025-05-11T15:32:27","date_gmt":"2025-05-11T12:32:27","guid":{"rendered":"https:\/\/sana.sy\/tr\/?p=321105"},"modified":"2025-05-11T15:32:27","modified_gmt":"2025-05-11T12:32:27","slug":"ankara-suriye-ve-urdun-ile-uclu-bir-toplantiya-ev-sahipligi-yapacagini-duyurarak-suriye-hukumetine-destegini-vurguladi","status":"publish","type":"post","link":"https:\/\/archive.sana.sy\/tr\/?p=321105","title":{"rendered":"Ankara, Suriye Ve \u00dcrd\u00fcn \u0130le \u00dc\u00e7l\u00fc Bir Toplant\u0131ya Ev Sahipli\u011fi Yapaca\u011f\u0131n\u0131 Duyurarak Suriye H\u00fck\u00fcmetine Deste\u011fini Vurgulad\u0131"},"content":{"rendered":"<p style=\"text-align: justify;\"><strong><span style=\"color: #800000;\">ANKARA (SANA)<\/span> &#8211; \u00a0<\/strong>D\u0131\u015fi\u015fleri Bakanl\u0131\u011f\u0131, yar\u0131n ba\u015fkent Ankara&#8217;da T\u00fcrkiye, Suriye ve \u00dcrd\u00fcn D\u0131\u015fi\u015fleri Bakanlar\u0131n\u0131n kat\u0131l\u0131m\u0131yla \u00fc\u00e7l\u00fc i\u015f birli\u011fi ve koordinasyonu art\u0131rmak amac\u0131yla \u00fc\u00e7l\u00fc toplant\u0131 d\u00fczenlenece\u011fini duyurdu.<\/p>\n<p style=\"text-align: justify;\">Anadolu Ajans\u0131&#8217;n\u0131n bug\u00fcn T\u00fcrkiye Cumhuriyeti Bakanl\u0131k kaynaklar\u0131ndan aktard\u0131\u011f\u0131na g\u00f6re; D\u0131\u015fi\u015fleri Bakan\u0131 Hakan Fidan, \u00fc\u00e7l\u00fc g\u00f6r\u00fc\u015fmede T\u00fcrkiye&#8217;nin Suriye h\u00fck\u00fcmetinin g\u00fcvenlik ve istikrar\u0131 art\u0131rma \u00e7abalar\u0131na g\u00fc\u00e7l\u00fc deste\u011fini s\u00fcrd\u00fcrd\u00fc\u011f\u00fcn\u00fc ve \u0130srail&#8217;in Suriye ve b\u00f6lgedeki di\u011fer \u00fclkelere y\u00f6nelik sald\u0131rgan politikalar\u0131n\u0131n durdurulmas\u0131 gerekti\u011fini vurgulayacak.<\/p>\n<p style=\"text-align: justify;\">Fidan, ayr\u0131ca Suriye ile kom\u015fu \u00fclkeler aras\u0131nda ter\u00f6rle m\u00fccadelede i\u015f birli\u011finin, b\u00f6lgesel ve k\u00fcresel g\u00fcvenli\u011fin g\u00fc\u00e7lendirilmesine katk\u0131 sa\u011flayaca\u011f\u0131n\u0131 vurgulayacak.<\/p>\n<p style=\"text-align: justify;\">Kaynaklar, \u00fc\u00e7l\u00fc g\u00f6r\u00fc\u015fmede ortak sorunlar\u0131n ele al\u0131naca\u011f\u0131n\u0131, &#8220;b\u00f6lgesel sorunlara \u00e7\u00f6z\u00fcm&#8221; kavram\u0131 \u00e7er\u00e7evesinde \u00e7aba g\u00f6sterilmesinin gereklili\u011finin vurgulanaca\u011f\u0131n\u0131 ve bu konuda kom\u015fu \u00fclkeler aras\u0131nda dayan\u0131\u015fman\u0131n \u00f6neminin vurgulanaca\u011f\u0131n\u0131 bildirdi.<\/p>\n<p style=\"text-align: justify;\">Fidan&#8217;\u0131n \u00fc\u00e7l\u00fc g\u00f6r\u00fc\u015fmenin yan\u0131 s\u0131ra Suriyeli ve \u00dcrd\u00fcnl\u00fc mevkida\u015flar\u0131yla ikili g\u00f6r\u00fc\u015fmelerde bulunmas\u0131 bekleniyor.<\/p>\n","protected":false},"excerpt":{"rendered":"<p>ANKARA (SANA) &#8211; \u00a0D\u0131\u015fi\u015fleri Bakanl\u0131\u011f\u0131, yar\u0131n ba\u015fkent Ankara&#8217;da T\u00fcrkiye, Suriye ve \u00dcrd\u00fcn D\u0131\u015fi\u015fleri Bakanlar\u0131n\u0131n kat\u0131l\u0131m\u0131yla \u00fc\u00e7l\u00fc i\u015f birli\u011fi ve koordinasyonu art\u0131rmak amac\u0131yla \u00fc\u00e7l\u00fc toplant\u0131 d\u00fczenlenece\u011fini duyurdu. Anadolu Ajans\u0131&#8217;n\u0131n bug\u00fcn T\u00fcrkiye Cumhuriyeti Bakanl\u0131k kaynaklar\u0131ndan aktard\u0131\u011f\u0131na g\u00f6re; D\u0131\u015fi\u015fleri Bakan\u0131 Hakan Fidan, \u00fc\u00e7l\u00fc g\u00f6r\u00fc\u015fmede T\u00fcrkiye&#8217;nin Suriye h\u00fck\u00fcmetinin g\u00fcvenlik ve istikrar\u0131 art\u0131rma \u00e7abalar\u0131na g\u00fc\u00e7l\u00fc deste\u011fini s\u00fcrd\u00fcrd\u00fc\u011f\u00fcn\u00fc ve \u0130srail&#8217;in Suriye &hellip;<\/p>\n","protected":false},"author":41,"featured_media":321106,"comment_status":"closed","ping_status":"closed","sticky":false,"template":"","format":"standard","meta":{"footnotes":""},"categories":[458,589,459,17988],"tags":[],"class_list":["post-321105","post","type-post","status-publish","format-standard","has-post-thumbnail","","category-dunya1","category-haber-seridi","category-haberler-arap-uluslararasi-politika","category-son-haberler"],"_links":{"self":[{"href":"https:\/\/archive.sana.sy\/tr\/index.php?rest_route=\/wp\/v2\/posts\/321105","targetHints":{"allow":["GET"]}}],"collection":[{"href":"https:\/\/archive.sana.sy\/tr\/index.php?rest_route=\/wp\/v2\/posts"}],"about":[{"href":"https:\/\/archive.sana.sy\/tr\/index.php?rest_route=\/wp\/v2\/types\/post"}],"author":[{"embeddable":true,"href":"https:\/\/archive.sana.sy\/tr\/index.php?rest_route=\/wp\/v2\/users\/41"}],"replies":[{"embeddable":true,"href":"https:\/\/archive.sana.sy\/tr\/index.php?rest_route=%2Fwp%2Fv2%2Fcomments&post=321105"}],"version-history":[{"count":1,"href":"https:\/\/archive.sana.sy\/tr\/index.php?rest_route=\/wp\/v2\/posts\/321105\/revisions"}],"predecessor-version":[{"id":321107,"href":"https:\/\/archive.sana.sy\/tr\/index.php?rest_route=\/wp\/v2\/posts\/321105\/revisions\/321107"}],"wp:featuredmedia":[{"embeddable":true,"href":"https:\/\/archive.sana.sy\/tr\/index.php?rest_route=\/wp\/v2\/media\/321106"}],"wp:attachment":[{"href":"https:\/\/archive.sana.sy\/tr\/index.php?rest_route=%2Fwp%2Fv2%2Fmedia&parent=321105"}],"wp:term":[{"taxonomy":"category","embeddable":true,"href":"https:\/\/archive.sana.sy\/tr\/index.php?rest_route=%2Fwp%2Fv2%2Fcategories&post=321105"},{"taxonomy":"post_tag","embeddable":true,"href":"https:\/\/archive.sana.sy\/tr\/index.php?rest_route=%2Fwp%2Fv2%2Ftags&post=321105"}],"curies":[{"name":"wp","href":"https:\/\/api.w.org\/{rel}","templated":true}]}}