{"id":321108,"date":"2025-05-11T12:42:30","date_gmt":"2025-05-11T09:42:30","guid":{"rendered":"https:\/\/sana.sy\/tr\/?p=321108"},"modified":"2025-05-11T15:44:06","modified_gmt":"2025-05-11T12:44:06","slug":"bbcnin-arastirma-raporu-suriyede-mezhepciligi-korukleyen-dis-aglarin-varligini-ortaya-koydu","status":"publish","type":"post","link":"https:\/\/archive.sana.sy\/tr\/?p=321108","title":{"rendered":"BBC&#8217;nin Ara\u015ft\u0131rma Raporu, Suriye&#8217;de Mezhep\u00e7ili\u011fi K\u00f6r\u00fckleyen D\u0131\u015f A\u011flar\u0131n Varl\u0131\u011f\u0131n\u0131 Ortaya Koydu"},"content":{"rendered":"<p style=\"text-align: justify;\"><span style=\"color: #800000;\"><strong>LONDRA (SANA)<\/strong><\/span> &#8211;\u00a0 BBC&#8217;nin yapt\u0131\u011f\u0131 ara\u015ft\u0131rma, X platformunda faaliyet g\u00f6steren yabanc\u0131 a\u011flar\u0131n mezhep\u00e7ili\u011fi k\u0131\u015fk\u0131rtmak, nefret s\u00f6ylemi yaymak ve Suriye&#8217;deki durumla ilgili yanl\u0131\u015f bilgi yaymak amac\u0131yla var oldu\u011funu ortaya koydu.<\/p>\n<p style=\"text-align: justify;\">Yap\u0131lan ara\u015ft\u0131rmada, s\u00f6z konusu a\u011flar\u0131n, \u00fclkede ya\u015fanan siyasal de\u011fi\u015fimlerle ayn\u0131 d\u00f6nemde, Suriye h\u00fck\u00fcmetini ve baz\u0131 az\u0131nl\u0131klar\u0131 hedef alan \u00e7evrimi\u00e7i kampanyalar kapsam\u0131nda sistematik ve koordineli bir \u015fekilde i\u015fletildi\u011fi ortaya \u00e7\u0131kt\u0131.<\/p>\n<p style=\"text-align: justify;\">Ara\u015ft\u0131rmada, programlanm\u0131\u015f ve sahte hesaplar\u0131 aktif hale getirme, \u00e7evrimi\u00e7i s\u00f6ylemi kontrol etmek i\u00e7in algoritmalar\u0131 kullanma, senkronize payla\u015f\u0131m yapma, eski i\u00e7erikleri tekrar payla\u015f\u0131p bunlar\u0131 g\u00fcncel olaylarla alakal\u0131ym\u0131\u015f gibi g\u00f6sterme gibi yayg\u0131n taktiklerin yan\u0131 s\u0131ra kamuoyunu etkilemek i\u00e7in uydurma anlat\u0131lar \u00f6rme gibi manip\u00fclatif y\u00f6ntemler de ortaya \u00e7\u0131kar\u0131ld\u0131.<\/p>\n<p style=\"text-align: justify;\">Ara\u015ft\u0131rmada, \u2018\u2019Payla\u015f\u0131mlar\u0131n yayg\u0131n dezenformasyon kampanyalar\u0131 ve nefret s\u00f6ylemiyle ba\u011flant\u0131l\u0131 oldu\u011fu ortaya \u00e7\u0131kt\u0131. Hesaplar\u0131n g\u00f6r\u00fc\u015flerini ifade etmek i\u00e7in tekrarlay\u0131c\u0131 bir dil ve kelime da\u011farc\u0131\u011f\u0131 kulland\u0131\u011f\u0131n\u0131, bunun da aralar\u0131nda \u00f6nceden bir koordinasyon oldu\u011funu g\u00f6stereriyor. Bir\u00e7ok hesap ad\u0131 rastgele say\u0131 ve harf kombinasyonlar\u0131ndan olu\u015fur. Bu durum, s\u00f6z konusu hesaplar\u0131n belirli bir ama\u00e7 i\u00e7in, yani sistematik bir \u015fekilde belirli i\u00e7erikleri yay\u0131nlamak i\u00e7in olu\u015fturulmu\u015f sahte hesaplar olabilece\u011fine i\u015faret ediyor olabilir\u2019\u2019 ifadelere yer verildi.<\/p>\n<p style=\"text-align: justify;\">BBC&#8217;nin ger\u00e7ek kontrol ekibi, eski rejimin 8 Aral\u0131k&#8217;ta devrilmesinden bu yana iki milyondan fazla payla\u015f\u0131m\u0131 izleyerek bu hesaplar\u0131n faaliyetlerini izlemeyi ba\u015fard\u0131 ve X platformundaki 400 binden fazla payla\u015f\u0131m\u0131n bir \u00f6rne\u011fini analiz etti.<\/p>\n<p style=\"text-align: justify;\">Ekip ayr\u0131ca, Suriye&#8217;deki yeni y\u00f6netime kar\u015f\u0131 as\u0131ls\u0131z veya g\u00fcvenilmez iddialar i\u00e7eren 50 bin payla\u015f\u0131m\u0131 inceledi\u011fini ve bu payla\u015f\u0131mlar\u0131n y\u00fczde 60&#8217;\u0131n\u0131n Suriye d\u0131\u015f\u0131ndaki hesaplardan geldi\u011fini tespit etti\u011fini do\u011frulad\u0131.<\/p>\n<p style=\"text-align: justify;\">\n","protected":false},"excerpt":{"rendered":"<p>LONDRA (SANA) &#8211;\u00a0 BBC&#8217;nin yapt\u0131\u011f\u0131 ara\u015ft\u0131rma, X platformunda faaliyet g\u00f6steren yabanc\u0131 a\u011flar\u0131n mezhep\u00e7ili\u011fi k\u0131\u015fk\u0131rtmak, nefret s\u00f6ylemi yaymak ve Suriye&#8217;deki durumla ilgili yanl\u0131\u015f bilgi yaymak amac\u0131yla var oldu\u011funu ortaya koydu. Yap\u0131lan ara\u015ft\u0131rmada, s\u00f6z konusu a\u011flar\u0131n, \u00fclkede ya\u015fanan siyasal de\u011fi\u015fimlerle ayn\u0131 d\u00f6nemde, Suriye h\u00fck\u00fcmetini ve baz\u0131 az\u0131nl\u0131klar\u0131 hedef alan \u00e7evrimi\u00e7i kampanyalar kapsam\u0131nda sistematik ve koordineli bir \u015fekilde &hellip;<\/p>\n","protected":false},"author":41,"featured_media":321109,"comment_status":"closed","ping_status":"closed","sticky":false,"template":"","format":"standard","meta":{"footnotes":""},"categories":[556,458,559,589,459,17988],"tags":[],"class_list":["post-321108","post","type-post","status-publish","format-standard","has-post-thumbnail","","category-basin","category-dunya1","category-dunya-basini","category-haber-seridi","category-haberler-arap-uluslararasi-politika","category-son-haberler"],"_links":{"self":[{"href":"https:\/\/archive.sana.sy\/tr\/index.php?rest_route=\/wp\/v2\/posts\/321108","targetHints":{"allow":["GET"]}}],"collection":[{"href":"https:\/\/archive.sana.sy\/tr\/index.php?rest_route=\/wp\/v2\/posts"}],"about":[{"href":"https:\/\/archive.sana.sy\/tr\/index.php?rest_route=\/wp\/v2\/types\/post"}],"author":[{"embeddable":true,"href":"https:\/\/archive.sana.sy\/tr\/index.php?rest_route=\/wp\/v2\/users\/41"}],"replies":[{"embeddable":true,"href":"https:\/\/archive.sana.sy\/tr\/index.php?rest_route=%2Fwp%2Fv2%2Fcomments&post=321108"}],"version-history":[{"count":1,"href":"https:\/\/archive.sana.sy\/tr\/index.php?rest_route=\/wp\/v2\/posts\/321108\/revisions"}],"predecessor-version":[{"id":321110,"href":"https:\/\/archive.sana.sy\/tr\/index.php?rest_route=\/wp\/v2\/posts\/321108\/revisions\/321110"}],"wp:featuredmedia":[{"embeddable":true,"href":"https:\/\/archive.sana.sy\/tr\/index.php?rest_route=\/wp\/v2\/media\/321109"}],"wp:attachment":[{"href":"https:\/\/archive.sana.sy\/tr\/index.php?rest_route=%2Fwp%2Fv2%2Fmedia&parent=321108"}],"wp:term":[{"taxonomy":"category","embeddable":true,"href":"https:\/\/archive.sana.sy\/tr\/index.php?rest_route=%2Fwp%2Fv2%2Fcategories&post=321108"},{"taxonomy":"post_tag","embeddable":true,"href":"https:\/\/archive.sana.sy\/tr\/index.php?rest_route=%2Fwp%2Fv2%2Ftags&post=321108"}],"curies":[{"name":"wp","href":"https:\/\/api.w.org\/{rel}","templated":true}]}}