{"id":321111,"date":"2025-05-11T16:45:43","date_gmt":"2025-05-11T13:45:43","guid":{"rendered":"https:\/\/sana.sy\/tr\/?p=321111"},"modified":"2025-05-12T08:29:24","modified_gmt":"2025-05-12T05:29:24","slug":"savunma-bakani-ceramana-ileri-gelenlerinden-olusan-bir-heyeti-kabul-etti","status":"publish","type":"post","link":"https:\/\/archive.sana.sy\/tr\/?p=321111","title":{"rendered":"Savunma Bakan\u0131, Ceramana Ileri Gelenlerinden Olu\u015fan Bir Heyeti Kabul Etti"},"content":{"rendered":"<p style=\"text-align: justify;\"><span style=\"color: #800000;\"><strong>\u015eAM (SANA)<\/strong> <\/span>&#8211; Savunma Bakan\u0131 T\u00fcmgeneral M\u00fchendis Murhaf Ebu Kasra, Ceramana kentinden gelen \u00fcst d\u00fczey yetkililerden olu\u015fan heyeti bakanl\u0131k binas\u0131nda kabul etti.<\/p>\n<p style=\"text-align: justify;\">Heyet, Suriye&#8217;nin tek liderlik alt\u0131nda birle\u015fmesi gerekti\u011fini vurgulayarak, kenti tehdit eden i\u00e7 kar\u0131\u015f\u0131kl\u0131\u011f\u0131n sona erdirilmesinde Savunma Bakanl\u0131\u011f\u0131&#8217;n\u0131n rol\u00fcn\u00fc vurgulad\u0131.<\/p>\n<div id='gallery-1' class='gallery galleryid-321111 gallery-columns-1 gallery-size-full'><figure class='gallery-item'>\n\t\t\t<div class='gallery-icon landscape'>\n\t\t\t\t<a href='https:\/\/archive.sana.sy\/tr\/?attachment_id=321113'><img loading=\"lazy\" decoding=\"async\" width=\"1280\" height=\"853\" src=\"https:\/\/archive.sana.sy\/tr\/wp-content\/uploads\/2025\/05\/photo_2025-05-11_13-02-57-2.jpg\" class=\"attachment-full size-full\" alt=\"\" srcset=\"https:\/\/archive.sana.sy\/tr\/wp-content\/uploads\/2025\/05\/photo_2025-05-11_13-02-57-2.jpg 1280w, https:\/\/archive.sana.sy\/tr\/wp-content\/uploads\/2025\/05\/photo_2025-05-11_13-02-57-2-300x200.jpg 300w, https:\/\/archive.sana.sy\/tr\/wp-content\/uploads\/2025\/05\/photo_2025-05-11_13-02-57-2-1024x682.jpg 1024w, https:\/\/archive.sana.sy\/tr\/wp-content\/uploads\/2025\/05\/photo_2025-05-11_13-02-57-2-768x512.jpg 768w\" sizes=\"auto, (max-width: 1280px) 100vw, 1280px\" \/><\/a>\n\t\t\t<\/div><\/figure><figure class='gallery-item'>\n\t\t\t<div class='gallery-icon landscape'>\n\t\t\t\t<a href='https:\/\/archive.sana.sy\/tr\/?attachment_id=321114'><img loading=\"lazy\" decoding=\"async\" width=\"1280\" height=\"853\" src=\"https:\/\/archive.sana.sy\/tr\/wp-content\/uploads\/2025\/05\/photo_2025-05-11_13-02-57.jpg\" class=\"attachment-full size-full\" alt=\"\" srcset=\"https:\/\/archive.sana.sy\/tr\/wp-content\/uploads\/2025\/05\/photo_2025-05-11_13-02-57.jpg 1280w, https:\/\/archive.sana.sy\/tr\/wp-content\/uploads\/2025\/05\/photo_2025-05-11_13-02-57-300x200.jpg 300w, https:\/\/archive.sana.sy\/tr\/wp-content\/uploads\/2025\/05\/photo_2025-05-11_13-02-57-1024x682.jpg 1024w, https:\/\/archive.sana.sy\/tr\/wp-content\/uploads\/2025\/05\/photo_2025-05-11_13-02-57-768x512.jpg 768w\" sizes=\"auto, (max-width: 1280px) 100vw, 1280px\" \/><\/a>\n\t\t\t<\/div><\/figure><figure class='gallery-item'>\n\t\t\t<div class='gallery-icon landscape'>\n\t\t\t\t<a href='https:\/\/archive.sana.sy\/tr\/?attachment_id=321115'><img loading=\"lazy\" decoding=\"async\" width=\"1280\" height=\"853\" src=\"https:\/\/archive.sana.sy\/tr\/wp-content\/uploads\/2025\/05\/photo_2025-05-11_13-03-02.jpg\" class=\"attachment-full size-full\" alt=\"\" srcset=\"https:\/\/archive.sana.sy\/tr\/wp-content\/uploads\/2025\/05\/photo_2025-05-11_13-03-02.jpg 1280w, https:\/\/archive.sana.sy\/tr\/wp-content\/uploads\/2025\/05\/photo_2025-05-11_13-03-02-300x200.jpg 300w, https:\/\/archive.sana.sy\/tr\/wp-content\/uploads\/2025\/05\/photo_2025-05-11_13-03-02-1024x682.jpg 1024w, https:\/\/archive.sana.sy\/tr\/wp-content\/uploads\/2025\/05\/photo_2025-05-11_13-03-02-768x512.jpg 768w\" sizes=\"auto, (max-width: 1280px) 100vw, 1280px\" \/><\/a>\n\t\t\t<\/div><\/figure><figure class='gallery-item'>\n\t\t\t<div class='gallery-icon landscape'>\n\t\t\t\t<a href='https:\/\/archive.sana.sy\/tr\/?attachment_id=321116'><img loading=\"lazy\" decoding=\"async\" width=\"1280\" height=\"853\" src=\"https:\/\/archive.sana.sy\/tr\/wp-content\/uploads\/2025\/05\/photo_2025-05-11_13-03-04.jpg\" class=\"attachment-full size-full\" alt=\"\" srcset=\"https:\/\/archive.sana.sy\/tr\/wp-content\/uploads\/2025\/05\/photo_2025-05-11_13-03-04.jpg 1280w, https:\/\/archive.sana.sy\/tr\/wp-content\/uploads\/2025\/05\/photo_2025-05-11_13-03-04-300x200.jpg 300w, https:\/\/archive.sana.sy\/tr\/wp-content\/uploads\/2025\/05\/photo_2025-05-11_13-03-04-1024x682.jpg 1024w, https:\/\/archive.sana.sy\/tr\/wp-content\/uploads\/2025\/05\/photo_2025-05-11_13-03-04-768x512.jpg 768w\" sizes=\"auto, (max-width: 1280px) 100vw, 1280px\" \/><\/a>\n\t\t\t<\/div><\/figure>\n\t\t<\/div>\n\n","protected":false},"excerpt":{"rendered":"<p>\u015eAM (SANA) &#8211; Savunma Bakan\u0131 T\u00fcmgeneral M\u00fchendis Murhaf Ebu Kasra, Ceramana kentinden gelen \u00fcst d\u00fczey yetkililerden olu\u015fan heyeti bakanl\u0131k binas\u0131nda kabul etti. Heyet, Suriye&#8217;nin tek liderlik alt\u0131nda birle\u015fmesi gerekti\u011fini vurgulayarak, kenti tehdit eden i\u00e7 kar\u0131\u015f\u0131kl\u0131\u011f\u0131n sona erdirilmesinde Savunma Bakanl\u0131\u011f\u0131&#8217;n\u0131n rol\u00fcn\u00fc vurgulad\u0131.<\/p>\n","protected":false},"author":41,"featured_media":321112,"comment_status":"closed","ping_status":"closed","sticky":false,"template":"","format":"standard","meta":{"footnotes":""},"categories":[479,17988,478],"tags":[],"class_list":["post-321111","post","type-post","status-publish","format-standard","has-post-thumbnail","","category-haberler-yerel","category-son-haberler","category-yerel"],"_links":{"self":[{"href":"https:\/\/archive.sana.sy\/tr\/index.php?rest_route=\/wp\/v2\/posts\/321111","targetHints":{"allow":["GET"]}}],"collection":[{"href":"https:\/\/archive.sana.sy\/tr\/index.php?rest_route=\/wp\/v2\/posts"}],"about":[{"href":"https:\/\/archive.sana.sy\/tr\/index.php?rest_route=\/wp\/v2\/types\/post"}],"author":[{"embeddable":true,"href":"https:\/\/archive.sana.sy\/tr\/index.php?rest_route=\/wp\/v2\/users\/41"}],"replies":[{"embeddable":true,"href":"https:\/\/archive.sana.sy\/tr\/index.php?rest_route=%2Fwp%2Fv2%2Fcomments&post=321111"}],"version-history":[{"count":1,"href":"https:\/\/archive.sana.sy\/tr\/index.php?rest_route=\/wp\/v2\/posts\/321111\/revisions"}],"predecessor-version":[{"id":321117,"href":"https:\/\/archive.sana.sy\/tr\/index.php?rest_route=\/wp\/v2\/posts\/321111\/revisions\/321117"}],"wp:featuredmedia":[{"embeddable":true,"href":"https:\/\/archive.sana.sy\/tr\/index.php?rest_route=\/wp\/v2\/media\/321112"}],"wp:attachment":[{"href":"https:\/\/archive.sana.sy\/tr\/index.php?rest_route=%2Fwp%2Fv2%2Fmedia&parent=321111"}],"wp:term":[{"taxonomy":"category","embeddable":true,"href":"https:\/\/archive.sana.sy\/tr\/index.php?rest_route=%2Fwp%2Fv2%2Fcategories&post=321111"},{"taxonomy":"post_tag","embeddable":true,"href":"https:\/\/archive.sana.sy\/tr\/index.php?rest_route=%2Fwp%2Fv2%2Ftags&post=321111"}],"curies":[{"name":"wp","href":"https:\/\/api.w.org\/{rel}","templated":true}]}}