{"id":321118,"date":"2025-05-11T17:09:12","date_gmt":"2025-05-11T14:09:12","guid":{"rendered":"https:\/\/sana.sy\/tr\/?p=321118"},"modified":"2025-05-12T08:29:31","modified_gmt":"2025-05-12T05:29:31","slug":"cumhurbaskani-el-sara-ve-suudi-arabistan-veliaht-prensi-telefonda-gorustu","status":"publish","type":"post","link":"https:\/\/archive.sana.sy\/tr\/?p=321118","title":{"rendered":"Cumhurba\u015fkan\u0131 El \u015eara Ve Suudi Arabistan Veliaht Prensi Telefonda G\u00f6r\u00fc\u015ft\u00fc"},"content":{"rendered":"<p style=\"text-align: justify;\"><span style=\"color: #800000;\"><strong>\u015eAM (SANA)<\/strong><\/span> &#8211; Suriye Arap Cumhuriyeti Cumhurba\u015fkan\u0131 Say\u0131n Ahmed El \u015eara ile Suudi Arabistan Veliaht Prensi Muhammed bin Selman bin Abd\u00fclaziz aras\u0131nda telefon g\u00f6r\u00fc\u015fmesi ger\u00e7ekle\u015ftirilerek ikili ili\u015fkiler ve \u00f6zellikle ekonomik ve yat\u0131r\u0131m alanlar\u0131nda ortak i\u015f birli\u011finin art\u0131r\u0131lmas\u0131 konular\u0131 ele al\u0131nd\u0131.<\/p>\n<p style=\"text-align: justify;\">Cumhurba\u015fkan\u0131 El \u015eara g\u00f6r\u00fc\u015fmede, Riyad&#8217;\u0131n Suriye&#8217;ye verdi\u011fi s\u00fcrekli destekten dolay\u0131 \u015f\u00fckran ve takdirlerini dile getirerek, Suudi Arabistan&#8217;\u0131n Suriye topraklar\u0131n\u0131n birli\u011fini ve istikrar\u0131n\u0131 g\u00fc\u00e7lendirmedeki rol\u00fcn\u00fcn \u00f6nemini ve \u00f6zellikle \u0130srail sald\u0131rganl\u0131\u011f\u0131 olmak \u00fczere zorluklar kar\u015f\u0131s\u0131nda Suriye halk\u0131na verdi\u011fi deste\u011fi vurgulad\u0131.<\/p>\n<p style=\"text-align: justify;\">Veliaht Prens ise Suriye&#8217;nin g\u00fcvenli\u011fi ve istikrar\u0131n\u0131 destekleme ve \u00fclkenin birli\u011fini koruyan ve yeniden in\u015fas\u0131na katk\u0131da bulunan siyasi \u00e7\u00f6z\u00fcmleri te\u015fvik etme konusundaki kararl\u0131l\u0131\u011f\u0131n\u0131 yineleyerek, Krall\u0131\u011f\u0131n Suriye ile ekonomik ve yat\u0131r\u0131m i\u015f birli\u011fini art\u0131rma konusundaki ilgisinin alt\u0131n\u0131 \u00e7izdi.<\/p>\n<p style=\"text-align: justify;\">Bu g\u00f6r\u00fc\u015fme, Arap ili\u015fkilerinin g\u00fc\u00e7lendirilmesi ve ortak konularda ortak koordinasyonun sa\u011flanmas\u0131 y\u00f6n\u00fcndeki devam eden \u00e7abalar \u00e7er\u00e7evesinde ger\u00e7ekle\u015fiyor.<\/p>\n","protected":false},"excerpt":{"rendered":"<p>\u015eAM (SANA) &#8211; Suriye Arap Cumhuriyeti Cumhurba\u015fkan\u0131 Say\u0131n Ahmed El \u015eara ile Suudi Arabistan Veliaht Prensi Muhammed bin Selman bin Abd\u00fclaziz aras\u0131nda telefon g\u00f6r\u00fc\u015fmesi ger\u00e7ekle\u015ftirilerek ikili ili\u015fkiler ve \u00f6zellikle ekonomik ve yat\u0131r\u0131m alanlar\u0131nda ortak i\u015f birli\u011finin art\u0131r\u0131lmas\u0131 konular\u0131 ele al\u0131nd\u0131. Cumhurba\u015fkan\u0131 El \u015eara g\u00f6r\u00fc\u015fmede, Riyad&#8217;\u0131n Suriye&#8217;ye verdi\u011fi s\u00fcrekli destekten dolay\u0131 \u015f\u00fckran ve takdirlerini dile getirerek, &hellip;<\/p>\n","protected":false},"author":41,"featured_media":321119,"comment_status":"closed","ping_status":"closed","sticky":false,"template":"","format":"standard","meta":{"footnotes":""},"categories":[606,605,17988],"tags":[],"class_list":["post-321118","post","type-post","status-publish","format-standard","has-post-thumbnail","","category-cumhurbaskani","category-sayin-cumhurbaskani","category-son-haberler"],"_links":{"self":[{"href":"https:\/\/archive.sana.sy\/tr\/index.php?rest_route=\/wp\/v2\/posts\/321118","targetHints":{"allow":["GET"]}}],"collection":[{"href":"https:\/\/archive.sana.sy\/tr\/index.php?rest_route=\/wp\/v2\/posts"}],"about":[{"href":"https:\/\/archive.sana.sy\/tr\/index.php?rest_route=\/wp\/v2\/types\/post"}],"author":[{"embeddable":true,"href":"https:\/\/archive.sana.sy\/tr\/index.php?rest_route=\/wp\/v2\/users\/41"}],"replies":[{"embeddable":true,"href":"https:\/\/archive.sana.sy\/tr\/index.php?rest_route=%2Fwp%2Fv2%2Fcomments&post=321118"}],"version-history":[{"count":1,"href":"https:\/\/archive.sana.sy\/tr\/index.php?rest_route=\/wp\/v2\/posts\/321118\/revisions"}],"predecessor-version":[{"id":321120,"href":"https:\/\/archive.sana.sy\/tr\/index.php?rest_route=\/wp\/v2\/posts\/321118\/revisions\/321120"}],"wp:featuredmedia":[{"embeddable":true,"href":"https:\/\/archive.sana.sy\/tr\/index.php?rest_route=\/wp\/v2\/media\/321119"}],"wp:attachment":[{"href":"https:\/\/archive.sana.sy\/tr\/index.php?rest_route=%2Fwp%2Fv2%2Fmedia&parent=321118"}],"wp:term":[{"taxonomy":"category","embeddable":true,"href":"https:\/\/archive.sana.sy\/tr\/index.php?rest_route=%2Fwp%2Fv2%2Fcategories&post=321118"},{"taxonomy":"post_tag","embeddable":true,"href":"https:\/\/archive.sana.sy\/tr\/index.php?rest_route=%2Fwp%2Fv2%2Ftags&post=321118"}],"curies":[{"name":"wp","href":"https:\/\/api.w.org\/{rel}","templated":true}]}}